{"id":925,"date":"2024-05-06T18:21:06","date_gmt":"2024-05-06T21:21:06","guid":{"rendered":"https:\/\/emisoracolon.com.ar\/?p=925"},"modified":"2024-05-06T18:21:06","modified_gmt":"2024-05-06T21:21:06","slug":"acompanamiento-a-las-infancias","status":"publish","type":"post","link":"https:\/\/emisoracolon.com.ar\/index.php\/2024\/05\/06\/acompanamiento-a-las-infancias\/","title":{"rendered":"Acompa\u00f1amiento a las infancias"},"content":{"rendered":"\n<p>Hoy se puso en marcha el Programa Municipal de <strong>Acompa\u00f1amiento a las Infancia<\/strong><strong>s<\/strong><strong>,<\/strong> que la Secretaria de Salud de la Municipalidad de Col\u00f3n dise\u00f1\u00f3 para el cuidado de ni\u00f1os y ni\u00f1as.<\/p>\n\n\n\n<p>En \u00e9ste caso se inicia con el Taller de V\u00ednculos Saludables, dictado por la psic\u00f3loga Roc\u00edo Ruggero y est\u00e1 destinado a familiares de ni\u00f1os y ni\u00f1as de 4 a 8 a\u00f1os. Como cada uno de los talleres, se dictar\u00e1 gratuitamente en la Secretar\u00eda de Salud (21 e\/ 47 y 48) el primer y tercer lunes de cada mes de 15:30 a 16:30.<\/p>\n\n\n\n<p>Para participar en los siguientes talleres, comunicarse al 52 19 88 (llamadas o whatsapp) o al <strong>mail<\/strong>: saludcomunitariacolonba@gmail.com<\/p>\n\n\n\n<p><\/p>\n","protected":false},"excerpt":{"rendered":"<p>Hoy se puso en marcha el Programa Municipal de Acompa\u00f1amiento a las Infancias, que la Secretaria de Salud de la Municipalidad de Col\u00f3n dise\u00f1\u00f3 para el cuidado de ni\u00f1os y ni\u00f1as. En&#8230;<\/p>\n","protected":false},"author":2,"featured_media":918,"comment_status":"open","ping_status":"open","sticky":false,"template":"","format":"standard","meta":{"footnotes":""},"categories":[7,3,5],"tags":[],"class_list":["post-925","post","type-post","status-publish","format-standard","has-post-thumbnail","hentry","category-cultura","category-general","category-politica_local"],"_links":{"self":[{"href":"https:\/\/emisoracolon.com.ar\/index.php\/wp-json\/wp\/v2\/posts\/925","targetHints":{"allow":["GET"]}}],"collection":[{"href":"https:\/\/emisoracolon.com.ar\/index.php\/wp-json\/wp\/v2\/posts"}],"about":[{"href":"https:\/\/emisoracolon.com.ar\/index.php\/wp-json\/wp\/v2\/types\/post"}],"author":[{"embeddable":true,"href":"https:\/\/emisoracolon.com.ar\/index.php\/wp-json\/wp\/v2\/users\/2"}],"replies":[{"embeddable":true,"href":"https:\/\/emisoracolon.com.ar\/index.php\/wp-json\/wp\/v2\/comments?post=925"}],"version-history":[{"count":1,"href":"https:\/\/emisoracolon.com.ar\/index.php\/wp-json\/wp\/v2\/posts\/925\/revisions"}],"predecessor-version":[{"id":926,"href":"https:\/\/emisoracolon.com.ar\/index.php\/wp-json\/wp\/v2\/posts\/925\/revisions\/926"}],"wp:featuredmedia":[{"embeddable":true,"href":"https:\/\/emisoracolon.com.ar\/index.php\/wp-json\/wp\/v2\/media\/918"}],"wp:attachment":[{"href":"https:\/\/emisoracolon.com.ar\/index.php\/wp-json\/wp\/v2\/media?parent=925"}],"wp:term":[{"taxonomy":"category","embeddable":true,"href":"https:\/\/emisoracolon.com.ar\/index.php\/wp-json\/wp\/v2\/categories?post=925"},{"taxonomy":"post_tag","embeddable":true,"href":"https:\/\/emisoracolon.com.ar\/index.php\/wp-json\/wp\/v2\/tags?post=925"}],"curies":[{"name":"wp","href":"https:\/\/api.w.org\/{rel}","templated":true}]}}