{"id":9222,"date":"2025-12-02T16:48:36","date_gmt":"2025-12-02T19:48:36","guid":{"rendered":"https:\/\/emisoracolon.com.ar\/?p=9222"},"modified":"2025-12-02T16:48:36","modified_gmt":"2025-12-02T19:48:36","slug":"bancos-nuevo-horario","status":"publish","type":"post","link":"https:\/\/emisoracolon.com.ar\/index.php\/2025\/12\/02\/bancos-nuevo-horario\/","title":{"rendered":"Bancos, nuevo horario"},"content":{"rendered":"\n<p>En Colon hoy martes los bancos comenzaron la atenci\u00f3n a las 08:00 y la extienden hasta las 13:00. Este horario de verano fue puesto en vigencia por la provincia ayer lunes, pero como la confirmaci\u00f3n reci\u00e9n se conoci\u00f3 el domingo, por razones operativas postergaron para hoy la implementaci\u00f3n del denominado horario de verano.<\/p>\n","protected":false},"excerpt":{"rendered":"<p>En Colon hoy martes los bancos comenzaron la atenci\u00f3n a las 08:00 y la extienden hasta las 13:00. Este horario de verano fue puesto en vigencia por la provincia ayer lunes, pero&#8230;<\/p>\n","protected":false},"author":1,"featured_media":9200,"comment_status":"open","ping_status":"open","sticky":false,"template":"","format":"standard","meta":{"footnotes":""},"categories":[1],"tags":[],"class_list":["post-9222","post","type-post","status-publish","format-standard","has-post-thumbnail","hentry","category-sin-categoria"],"_links":{"self":[{"href":"https:\/\/emisoracolon.com.ar\/index.php\/wp-json\/wp\/v2\/posts\/9222","targetHints":{"allow":["GET"]}}],"collection":[{"href":"https:\/\/emisoracolon.com.ar\/index.php\/wp-json\/wp\/v2\/posts"}],"about":[{"href":"https:\/\/emisoracolon.com.ar\/index.php\/wp-json\/wp\/v2\/types\/post"}],"author":[{"embeddable":true,"href":"https:\/\/emisoracolon.com.ar\/index.php\/wp-json\/wp\/v2\/users\/1"}],"replies":[{"embeddable":true,"href":"https:\/\/emisoracolon.com.ar\/index.php\/wp-json\/wp\/v2\/comments?post=9222"}],"version-history":[{"count":1,"href":"https:\/\/emisoracolon.com.ar\/index.php\/wp-json\/wp\/v2\/posts\/9222\/revisions"}],"predecessor-version":[{"id":9223,"href":"https:\/\/emisoracolon.com.ar\/index.php\/wp-json\/wp\/v2\/posts\/9222\/revisions\/9223"}],"wp:featuredmedia":[{"embeddable":true,"href":"https:\/\/emisoracolon.com.ar\/index.php\/wp-json\/wp\/v2\/media\/9200"}],"wp:attachment":[{"href":"https:\/\/emisoracolon.com.ar\/index.php\/wp-json\/wp\/v2\/media?parent=9222"}],"wp:term":[{"taxonomy":"category","embeddable":true,"href":"https:\/\/emisoracolon.com.ar\/index.php\/wp-json\/wp\/v2\/categories?post=9222"},{"taxonomy":"post_tag","embeddable":true,"href":"https:\/\/emisoracolon.com.ar\/index.php\/wp-json\/wp\/v2\/tags?post=9222"}],"curies":[{"name":"wp","href":"https:\/\/api.w.org\/{rel}","templated":true}]}}