{"id":9187,"date":"2025-11-28T17:47:14","date_gmt":"2025-11-28T20:47:14","guid":{"rendered":"https:\/\/emisoracolon.com.ar\/?p=9187"},"modified":"2025-11-28T17:47:14","modified_gmt":"2025-11-28T20:47:14","slug":"aprobaron-el-presupuesto-que-busca-sostener-gestion-en-medio-de-la-recesion","status":"publish","type":"post","link":"https:\/\/emisoracolon.com.ar\/index.php\/2025\/11\/28\/aprobaron-el-presupuesto-que-busca-sostener-gestion-en-medio-de-la-recesion\/","title":{"rendered":"Aprobaron el presupuesto que busca sostener gesti\u00f3n en medio de la recesi\u00f3n"},"content":{"rendered":"\n<p><strong>Por mayor\u00eda, el Concejo Deliberante aprob\u00f3 el Presupuesto Municipal 2026, en una sesi\u00f3n donde la concejala oficialista Carolina Jaureguisahar fue la encargada de exponer los lineamientos generales. Su presentaci\u00f3n dej\u00f3 en evidencia que, m\u00e1s all\u00e1 de los n\u00fameros, el Ejecutivo busc\u00f3 fundamentar cada decisi\u00f3n dentro de un contexto econ\u00f3mico adverso que golpea tanto a la provincia como a los municipios.<\/strong><\/p>\n\n\n\n<p><strong>Un diagn\u00f3stico econ\u00f3mico que condiciona la gesti\u00f3n<\/strong><\/p>\n\n\n\n<p><strong>La concejala plante\u00f3 un panorama recesivo marcado por retrocesos en los principales sectores productivos: industria (-10%), comercio (-7,7%) y construcci\u00f3n (-25%), una ca\u00edda que arrastra empleo, consumo y actividad en toda la provincia. A ello sum\u00f3 un dato estructural: m\u00e1s de 2.300 obras paralizadas en el pa\u00eds, mil de ellas en territorio bonaerense, junto al cierre de 18.000 empresas en los \u00faltimos 20 meses, de las cuales el 73% corresponden a Buenos Aires.<\/strong><\/p>\n\n\n\n<p><strong>En ese marco, Jaureguisahar se\u00f1al\u00f3 que la ca\u00edda de la coparticipaci\u00f3n (-9,1%) y de la recaudaci\u00f3n provincial (-3,5%) obliga a los municipios a administrar con mayor restricci\u00f3n, especialmente ante un \u201cretiro\u201d del gobierno nacional en materia de financiamiento y obra p\u00fablica.<\/strong><\/p>\n\n\n\n<p><strong>Con ese contexto como base, el oficialismo present\u00f3 el Presupuesto 2026 como una herramienta para sostener funcionamiento, priorizar \u00e1reas sensibles y mantener pol\u00edticas p\u00fablicas en un escenario de recursos limitados.<\/strong><\/p>\n\n\n\n<p><strong>Un presupuesto que crece 31% y fija prioridades<\/strong><\/p>\n\n\n\n<p><strong>El presupuesto municipal asciende a 27.769 millones de pesos, un 31% m\u00e1s que el a\u00f1o anterior. El discurso oficial destac\u00f3 que la asignaci\u00f3n de partidas busca \u201cmostrar con claridad\u201d en qu\u00e9 se invierte cada peso y c\u00f3mo impacta cada \u00e1rea en la vida cotidiana de los vecinos.<\/strong><\/p>\n\n\n\n<p><strong>Tr\u00e1nsito y seguridad vial: el eje central<\/strong><\/p>\n\n\n\n<p><strong>Seg\u00fan lo expuesto, la principal prioridad operativa del presupuesto es el tr\u00e1nsito. En total, las acciones vinculadas a movilidad, control urbano y seguridad vial crecen un 43% respecto a 2025.<\/strong><\/p>\n\n\n\n<p><strong>El plan contempla:<\/strong><\/p>\n\n\n\n<p><strong>Nuevos reductores de velocidad en zonas escolares, avenidas y puntos cr\u00edticos. Se\u00f1alizaci\u00f3n y demarcaci\u00f3n.<\/strong><\/p>\n\n\n\n<p><strong>Operativos de control e inspectores.<\/strong><\/p>\n\n\n\n<p><strong>Educaci\u00f3n vial.<\/strong><\/p>\n\n\n\n<p><strong>Semaforizaci\u00f3n, cruces seguros e iluminaci\u00f3n estrat\u00e9gica.<\/strong><\/p>\n\n\n\n<p><strong>Tecnolog\u00eda, c\u00e1maras y log\u00edstica.<\/strong><\/p>\n\n\n\n<p><strong>Mantenimiento urbano asociado a la circulaci\u00f3n segura.<\/strong><\/p>\n\n\n\n<p><strong>Adem\u00e1s, la Guardia Urbana Municipal tendr\u00e1 un incremento del 35% en su presupuesto, reforzando controles y presencia estatal en la v\u00eda p\u00fablica.<\/strong><\/p>\n\n\n\n<p><strong>La construcci\u00f3n del mensaje es clara: el Ejecutivo quiere instalar que el tr\u00e1nsito ser\u00e1 el foco m\u00e1s visible y sostenido de la gesti\u00f3n 2026.<\/strong><\/p>\n\n\n\n<p><strong>Salud: la pol\u00edtica que el oficialismo define como \u201cprioridad irrenunciable\u201d<\/strong><\/p>\n\n\n\n<p><strong>El \u00e1rea de salud representa el 36% del gasto total, con una inversi\u00f3n diaria estimada en 27 millones de pesos para sostener el funcionamiento del hospital municipal.<\/strong><\/p>\n\n\n\n<p><strong>Jaureguisahar enumer\u00f3 los servicios incluidos: guardia 24 horas, especialidades m\u00e9dicas, estudios, medicamentos, insumos, ambulancias y derivaciones. El discurso subray\u00f3 la decisi\u00f3n pol\u00edtica de garantizar atenci\u00f3n p\u00fablica sin restricciones econ\u00f3micas para los vecinos.<\/strong><\/p>\n\n\n\n<p><strong>Obras y servicios p\u00fablicos: mantenimiento y mejoras estructurales<\/strong><\/p>\n\n\n\n<p><strong>Con un 24% del presupuesto, el \u00e1rea re\u00fane mantenimiento de calles, maquinarias, iluminaci\u00f3n, se\u00f1alizaci\u00f3n, limpieza, infraestructura y mejoras barriales.<\/strong><\/p>\n\n\n\n<p><strong>Entre los incrementos m\u00e1s relevantes se destacan:<\/strong><\/p>\n\n\n\n<p><strong>Bacheo: +50%<\/strong><\/p>\n\n\n\n<p><strong>Renovaci\u00f3n de ca\u00f1er\u00edas: +52%<\/strong><\/p>\n\n\n\n<p><strong>Servicios de agua y desag\u00fces: +35%<\/strong><\/p>\n\n\n\n<p><strong>El \u00e9nfasis est\u00e1 puesto en evitar rupturas, mejorar la eficiencia del servicio y garantizar infraestructura b\u00e1sica en condiciones.<\/strong><\/p>\n\n\n\n<p><strong>Desarrollo de la comunidad: enfoque en pol\u00edticas sociales<\/strong><\/p>\n\n\n\n<p><strong>El \u00e1rea crece un 36%, y abarca programas sociales con perspectiva de derechos: acceso a tierras, mejoras de vivienda, acompa\u00f1amiento territorial, oficina de discapacidad, becas, pol\u00edticas de g\u00e9nero, ni\u00f1ez, adultos mayores y m\u00e1s.<\/strong><\/p>\n\n\n\n<p><strong>El mensaje oficial: fortalecer redes de acompa\u00f1amiento en un contexto social m\u00e1s demandante.<\/strong><\/p>\n\n\n\n<p><strong>Educaci\u00f3n: ampliaci\u00f3n de oportunidades<\/strong><\/p>\n\n\n\n<p><strong>El presupuesto tambi\u00e9n contempla la continuidad y expansi\u00f3n de iniciativas educativas:<\/strong><\/p>\n\n\n\n<p><strong>Nuevas carreras universitarias.<\/strong><\/p>\n\n\n\n<p><strong>Ampliaci\u00f3n del Polo Educativo.<\/strong><\/p>\n\n\n\n<p><strong>Programas de transporte y becas.<\/strong><\/p>\n\n\n\n<p><strong>Trabajos de infraestructura en escuelas.<\/strong><\/p>\n\n\n\n<p><strong>Actividades de acceso al deporte y la formaci\u00f3n.<\/strong><\/p>\n\n\n\n<p><strong>Un presupuesto con rumbo definido<\/strong><\/p>\n\n\n\n<p><strong>El oficialismo present\u00f3 el Presupuesto 2026 como una herramienta con prioridades claras: tr\u00e1nsito, salud, obras p\u00fablicas, desarrollo social y educaci\u00f3n. El discurso busc\u00f3 transmitir orden, planificaci\u00f3n y presencia estatal en un contexto de crisis.<\/strong><\/p>\n\n\n\n<p><strong>Resta ver c\u00f3mo se traducir\u00e1 esta hoja de ruta en la calle y c\u00f3mo responder\u00e1 la gesti\u00f3n local ante la persistencia de un escenario econ\u00f3mico complejo.<\/strong><\/p>\n\n\n\n<p><strong>28\/11\/25 Por mayor\u00eda, el Concejo Deliberante aprob\u00f3 el Presupuesto Municipal 2026<\/strong><\/p>\n\n\n\n<p><strong>El Concejo Deliberante aprob\u00f3 por mayor\u00eda el Presupuesto 2026 tras un extenso debate que expuso diferencias profundas entre el oficialismo y la oposici\u00f3n. La presentaci\u00f3n central estuvo a cargo de la concejala oficialista Carolina Jaureguizahar, quien detall\u00f3 los lineamientos generales y defendi\u00f3 la necesidad de su aprobaci\u00f3n. Desde la oposici\u00f3n, Milagros Morales explic\u00f3 los motivos por los que su bloque decidi\u00f3 no acompa\u00f1ar el proyecto, lo que deriv\u00f3 en un intercambio que involucr\u00f3 a varios concejales.<\/strong><\/p>\n\n\n\n<p><strong>La exposici\u00f3n del oficialismo<\/strong><\/p>\n\n\n\n<p><strong>Jaureguizahar destac\u00f3 que el presupuesto \u2014que asciende a 27.769 millones de pesos, un 31% m\u00e1s que en 2025\u2014 fue elaborado en un contexto econ\u00f3mico provincial \u201csumamente complejo\u201d, con ca\u00edda de la actividad industrial, comercial y de la construcci\u00f3n, reducci\u00f3n de la coparticipaci\u00f3n y recorte de fondos nacionales.<\/strong><\/p>\n\n\n\n<p><strong>Seg\u00fan la concejala, el proyecto establece prioridades claras, principalmente en tr\u00e1nsito y seguridad, salud, obras p\u00fablicas, desarrollo comunitario y educaci\u00f3n. Remarc\u00f3:<\/strong><\/p>\n\n\n\n<p><strong>Incremento del 43% en acciones vinculadas al tr\u00e1nsito.<\/strong><\/p>\n\n\n\n<p><strong>Aumento del 35% en la Guardia Urbana Municipal.<\/strong><\/p>\n\n\n\n<p><strong>36% del presupuesto destinado a salud, equivalentes a 27 millones diarios para sostener el hospital.<\/strong><\/p>\n\n\n\n<p><strong>Plan de bacheo que crecer\u00e1 un 50% respecto de 2025<\/strong><\/p>\n\n\n\n<p><strong>Renovaci\u00f3n de ca\u00f1er\u00edas con un incremento del 52%.<\/strong><\/p>\n\n\n\n<p><strong>\u201cEste es un presupuesto real, verificable y con prioridades que pidieron los vecinos\u201d, afirm\u00f3 Jaureguizahar. Y agreg\u00f3 que la oposici\u00f3n cont\u00f3 con instancias formales de consulta y reuniones ampliadas: \u201cDecir que no tuvieron informaci\u00f3n es una falta de respeto\u201d.<\/strong><\/p>\n\n\n\n<p><strong>La acompa\u00f1\u00f3 la concejala Alicia Franco, quien cuestion\u00f3 la ausencia de ediles opositores en la presentaci\u00f3n p\u00fablica realizada v\u00eda Zoom y remarc\u00f3 que durante las reuniones t\u00e9cnicas \u201cno hicieron preguntas\u201d.<\/strong><\/p>\n\n\n\n<p><strong>La posici\u00f3n de la oposici\u00f3n<\/strong><\/p>\n\n\n\n<p><strong>La concejala Milagros Morales sostuvo que el presupuesto \u201cno responde a los problemas estructurales del municipio\u201d y critic\u00f3 la distribuci\u00f3n de recursos:<\/strong><\/p>\n\n\n\n<p><strong>Asegur\u00f3 que el crecimiento del 32% del total \u201cno se traduce en fortalecimiento de servicios esenciales\u201d.<\/strong><\/p>\n\n\n\n<p><strong>Se\u00f1al\u00f3 que las \u00e1reas de conducci\u00f3n pol\u00edtica y gobierno crecen hasta un 44%, mientras que \u00e1reas sensibles como ni\u00f1ez, adultos mayores y salud \u201cpierden peso relativo\u201d.Cuestion\u00f3 que en seguridad \u201cm\u00e1s del 75% del gasto sea en personal\u201d, con apenas un 0,15% en equipamiento.<\/strong><\/p>\n\n\n\n<p><strong>Advirti\u00f3 que el \u00e1rea de ni\u00f1ez crece s\u00f3lo 7,6%, el asilo 17,8% y salud 25,4%, \u201cpor debajo del incremento general\u201d.<\/strong><\/p>\n\n\n\n<p><strong>Morales tambi\u00e9n critic\u00f3 el modo en que se dio el proceso de discusi\u00f3n:<\/strong><\/p>\n\n\n\n<p><strong>\u201cDos d\u00edas despu\u00e9s de la reuni\u00f3n inicial ya hab\u00edan bajado el dictamen. \u00bfEn qu\u00e9 momento se puede debatir, ajustar partidas o construir consenso? Si no hay di\u00e1logo, no podemos acompa\u00f1ar\u201d.<\/strong><\/p>\n\n\n\n<p><strong>Propuso reducir un 10% del gasto pol\u00edtico y destinar esos recursos a \u00e1reas sociales, adem\u00e1s de crear un fondo de presupuesto participativo del 3% del total municipal.<\/strong><\/p>\n\n\n\n<p><strong>Cruces y aclaraciones<\/strong><\/p>\n\n\n\n<p><strong>Las intervenciones se tensaron cuando Franco cuestion\u00f3 que Morales se retirara de una reuni\u00f3n. Morales, la opositora respondi\u00f3: \u201cNo puedo tolerar que me traten de irresponsable por retirar a mi hija del colegio. Somos responsables y trabajamos sobre este presupuesto. Lo que no aceptamos es el destrato\u201d.<\/strong><\/p>\n\n\n\n<p><strong>Jaureguizahar insisti\u00f3 en que los funcionarios de Hacienda estuvieron \u201csiempre disponibles\u201d y pidi\u00f3 nuevamente acompa\u00f1ar la aprobaci\u00f3n: \u201cNo aprobar este presupuesto es no aprobar salud, educaci\u00f3n, tr\u00e1nsito, deporte, cultura\u201d.<\/strong><\/p>\n\n\n\n<p><strong>El concejal N\u00e9stor Iacci intent\u00f3 encauzar el debate y propuso devolver el proyecto a comisi\u00f3n para buscar un consenso general, moci\u00f3n que no prosper\u00f3.<\/strong><\/p>\n\n\n\n<p><strong>El cierre del debate<\/strong><\/p>\n\n\n\n<p><strong>El oficialista Carlos Trafficante cerr\u00f3 la discusi\u00f3n defendiendo la orientaci\u00f3n del presupuesto y reivindicando la creaci\u00f3n de la tasa de combustibles, antes cuestionada por la oposici\u00f3n:<\/strong><\/p>\n\n\n\n<p><strong>\u201cCuando Naci\u00f3n deja sin recursos, los municipios deben incentivar el ingenio. Gobernar implica tomar decisiones. Este presupuesto le da prioridad a lo urgente\u201d.<\/strong><\/p>\n\n\n\n<p><strong>Finalmente, el Presupuesto 2026 fue aprobado por mayor\u00eda, con el acompa\u00f1amiento del bloque oficialista y el rechazo de la oposici\u00f3n.<\/strong><\/p>\n\n\n\n<p><strong>28\/11\/25 Iacci y Franco en la hora de despedidas<\/strong><\/p>\n\n\n\n<p><strong>En la \u00faltima sesi\u00f3n ordinaria, realizada el martes pasado, N\u00e9stor Iacci tambi\u00e9n dedic\u00f3 unas palabras de despedida a los concejales que dejan sus bancas en el Concejo Deliberante.<\/strong><\/p>\n\n\n\n<p><strong>\u201cQuiero saludar a quienes se retiran, y en especial a Julito, Claudia y el Flaco, que ahora van a tener un merecido descanso. Tambi\u00e9n quiero saludar al Bloque Oficialista, con quienes siempre mantuvimos una buena relaci\u00f3n. Les deseo lo mejor despu\u00e9s de esta experiencia en el Concejo. Estoy seguro de que, al igual que Julito, Claudia y el Flaco, seguir\u00e1n aportando ideas en beneficio de los vecinos de Col\u00f3n\u201d, expres\u00f3.<\/strong><\/p>\n\n\n\n<p><strong>Por su parte, Alicia Franco tambi\u00e9n dej\u00f3 su mensaje de agradecimiento:<\/strong><\/p>\n\n\n\n<p><strong>\u201cQuiero agradecer a todos y, especialmente, a usted, se\u00f1ora Presidenta, por el apoyo que he recibido. A todos los secretarios que pasaron: a Nico, a Marcelo \u2014a quien recuerdo siempre\u2014; a Alejandra, Cristina, Patricia, a todos. A los concejales de Fuerza Patria, que siempre me brindaron su apoyo y me acompa\u00f1aron. Cuando tuve una duda, la consult\u00e9 y me ayudaron a resolverla.<\/strong><\/p>\n\n\n\n<p><strong>Para m\u00ed fue una experiencia muy buena. Trabaj\u00e9 mucho por el pueblo. El pueblo me vot\u00f3, y le agradezco a Col\u00f3n, a sus ciudadanos y al partido que me acompa\u00f1\u00f3. Recorr\u00ed la ciudad y voy a seguir trabajando. En la medida de lo posible, continuar\u00e9 colaborando desde afuera y acercando a los concejales las inquietudes de mis vecinos\u201d, concluy\u00f3.<\/strong><\/p>\n\n\n\n<p><strong>28\/11\/25 &#8211; Silvana Desimone se va del Concejo Deliberante<\/strong><\/p>\n\n\n\n<p><strong>Con el cierre del periodo legislativo, Silvana Desimone se despide del Concejo Deliberante luego de dos mandatos consecutivos, el \u00faltimo ejercido como presidenta del cuerpo. Su mensaje final \u2014sobrio, agradecido y profundamente pol\u00edtico\u2014 deja ver no s\u00f3lo un balance personal, sino tambi\u00e9n una manera de entender la funci\u00f3n p\u00fablica.<\/strong><\/p>\n\n\n\n<p><strong>Record\u00f3 que esta fue la \u00faltima sesi\u00f3n ordinaria para quienes culminan su tarea, aunque todav\u00eda queda pendiente la reuni\u00f3n de mayores contribuyentes. \u201cEl ciclo de sesiones ordinarias finaliza hoy para nosotros\u201d, dijo, para luego subrayar que la banca no es un logro individual, sino el resultado de un proyecto colectivo que vincula militancia, compromiso partidario y la fuerza de quienes la acompa\u00f1aron en cada etapa.<\/strong><\/p>\n\n\n\n<p><strong>Desimone repas\u00f3 sus ocho a\u00f1os en el Concejo: elegida en 2017 y nuevamente en 2021, comparti\u00f3 lista con quienes \u2014seg\u00fan expres\u00f3\u2014 se transformaron en compa\u00f1erismos s\u00f3lidos dentro y fuera del recinto. Destac\u00f3 el aprendizaje constante, la importancia de escuchar, de caminar los barrios y de no perder el v\u00ednculo con la comunidad: \u201cSomos un instrumento m\u00e1s en esta democracia que tenemos que defender\u201d.<\/strong><\/p>\n\n\n\n<p><strong>Tambi\u00e9n puso el foco en el recambio que llega. Consider\u00f3 \u201cun privilegio\u201d haber transitado estos a\u00f1os en el recinto y celebr\u00f3 el ingreso de un grupo joven que, seg\u00fan afirm\u00f3, trae nuevas miradas y renovar\u00e1 la discusi\u00f3n p\u00fablica. Una bocanada de aire fresco para un Concejo que, entiende, necesita sumar perspectivas diversas.<\/strong><\/p>\n\n\n\n<p><strong>No falt\u00f3 el reconocimiento al personal del HCD \u2014las secretar\u00edas y equipos que sostuvieron el funcionamiento del cuerpo incluso en momentos dif\u00edciles\u2014 ni el repaso por quienes dejaron huella en el tr\u00e1nsito legislativo de estos a\u00f1os. Desimone lo mencion\u00f3 con emoci\u00f3n contenida, sin profundizar en circunstancias dolorosas, pero dejando claro el valor humano detr\u00e1s de cada nombre.<\/strong><\/p>\n\n\n\n<p><strong>Con una mirada m\u00e1s amplia, reivindic\u00f3 el camino de tantas mujeres que, desde 1983, han peleado por ocupar espacios de decisi\u00f3n. Haber sido la tercera presidenta del Concejo en democracia, afirm\u00f3, fue un honor que intent\u00f3 ejercer \u201ccon honestidad, sobre todo, que es lo que me caracteriza\u201d.<\/strong><\/p>\n\n\n\n<p><strong>Su despedida no son\u00f3 a cierre definitivo, sino a una continuidad natural del compromiso: \u201cGracias, muchas gracias; nos seguiremos encontrando en cualquier lugar\u201d. Un cierre acorde a su estilo: sin estridencias, pero con la convicci\u00f3n intacta de que la pol\u00edtica se construye d\u00eda a d\u00eda, en el recinto y fuera de \u00e9l.<\/strong><\/p>\n","protected":false},"excerpt":{"rendered":"<p>Por mayor\u00eda, el Concejo Deliberante aprob\u00f3 el Presupuesto Municipal 2026, en una sesi\u00f3n donde la concejala oficialista Carolina Jaureguisahar fue la encargada de exponer los lineamientos generales. Su presentaci\u00f3n dej\u00f3 en evidencia&#8230;<\/p>\n","protected":false},"author":1,"featured_media":4160,"comment_status":"open","ping_status":"open","sticky":false,"template":"","format":"standard","meta":{"footnotes":""},"categories":[3,5],"tags":[],"class_list":["post-9187","post","type-post","status-publish","format-standard","has-post-thumbnail","hentry","category-general","category-politica_local"],"_links":{"self":[{"href":"https:\/\/emisoracolon.com.ar\/index.php\/wp-json\/wp\/v2\/posts\/9187","targetHints":{"allow":["GET"]}}],"collection":[{"href":"https:\/\/emisoracolon.com.ar\/index.php\/wp-json\/wp\/v2\/posts"}],"about":[{"href":"https:\/\/emisoracolon.com.ar\/index.php\/wp-json\/wp\/v2\/types\/post"}],"author":[{"embeddable":true,"href":"https:\/\/emisoracolon.com.ar\/index.php\/wp-json\/wp\/v2\/users\/1"}],"replies":[{"embeddable":true,"href":"https:\/\/emisoracolon.com.ar\/index.php\/wp-json\/wp\/v2\/comments?post=9187"}],"version-history":[{"count":1,"href":"https:\/\/emisoracolon.com.ar\/index.php\/wp-json\/wp\/v2\/posts\/9187\/revisions"}],"predecessor-version":[{"id":9188,"href":"https:\/\/emisoracolon.com.ar\/index.php\/wp-json\/wp\/v2\/posts\/9187\/revisions\/9188"}],"wp:featuredmedia":[{"embeddable":true,"href":"https:\/\/emisoracolon.com.ar\/index.php\/wp-json\/wp\/v2\/media\/4160"}],"wp:attachment":[{"href":"https:\/\/emisoracolon.com.ar\/index.php\/wp-json\/wp\/v2\/media?parent=9187"}],"wp:term":[{"taxonomy":"category","embeddable":true,"href":"https:\/\/emisoracolon.com.ar\/index.php\/wp-json\/wp\/v2\/categories?post=9187"},{"taxonomy":"post_tag","embeddable":true,"href":"https:\/\/emisoracolon.com.ar\/index.php\/wp-json\/wp\/v2\/tags?post=9187"}],"curies":[{"name":"wp","href":"https:\/\/api.w.org\/{rel}","templated":true}]}}