{"id":9183,"date":"2025-11-27T16:22:33","date_gmt":"2025-11-27T19:22:33","guid":{"rendered":"https:\/\/emisoracolon.com.ar\/?p=9183"},"modified":"2025-11-27T16:22:33","modified_gmt":"2025-11-27T19:22:33","slug":"tiempos-de-despedida","status":"publish","type":"post","link":"https:\/\/emisoracolon.com.ar\/index.php\/2025\/11\/27\/tiempos-de-despedida\/","title":{"rendered":"Tiempos de despedida"},"content":{"rendered":"\n<p>La \u00faltima sesi\u00f3n ordinaria del a\u00f1o del Concejo Deliberante tuvo un condimento especial: fue tambi\u00e9n la despedida para la mitad de los concejales, que concluyeron su mandato y dejaron su banca.<\/p>\n\n\n\n<p>Algunos de ellos compartieron unas palabras finales. Entre ellos, Guillermo Alonso se\u00f1al\u00f3:<\/p>\n\n\n\n<p>\u201cDurante estos cuatro a\u00f1os de mandato trabaj\u00e9 con compromiso y responsabilidad, siempre intentando estar a la altura de lo que nuestra comunidad se merece. Agradezco a mis compa\u00f1eros de bancada y tambi\u00e9n a la oposici\u00f3n porque, m\u00e1s all\u00e1 de las diferencias, pudimos mantener el respeto y la convicci\u00f3n de buscar lo mejor para todos los colonenses\u201d.<\/p>\n\n\n\n<p><strong>27\/11\/25 Villalonga en el cierre elogi\u00f3 a Roc\u00edo<\/strong><\/p>\n\n\n\n<p>Gonzalo Villalonga, en su exposici\u00f3n como concejal ya que lleg\u00f3 el momento de su despedida, felicit\u00f3 y reconoci\u00f3 a todos por el compromiso, por la dedicaci\u00f3n, por la responsabilidad, por la honestidad con la que han desempe\u00f1ado su trabajo, su cargo. En esta noche de despedidas, en nombre de un mont\u00f3n de compa\u00f1eros y compa\u00f1eras, quiero utilizar estos minutos tambi\u00e9n para despedir a una gran compa\u00f1era como Roc\u00edo Mart\u00ednez. Roc\u00edo hoy cierra una etapa de aproximadamente quince a\u00f1os en la funci\u00f3n p\u00fablica, en la que se ha desempe\u00f1ado en diferentes cargos, en la gesti\u00f3n de Ricardo Casi, en distintas \u00e1reas, destac\u00e1ndose como Secretaria de Educaci\u00f3n durante seis a\u00f1os, y en estos dos mandatos como concejala, en el 2013 al 2017, y la actual, 2021 a 2025.<\/p>\n\n\n\n<p>Sus compa\u00f1eros y compa\u00f1eras queremos felicitar y agradecer a Roc\u00edo, quien ha demostrado una enorme capacidad para desempe\u00f1ar la funci\u00f3n p\u00fablica, destacar su compromiso, su responsabilidad, su honestidad, su empat\u00eda, buscando acuerdos y consensos, poniendo el coraz\u00f3n en cada proyecto, su capacidad y habilidad para gestionar, para manejar grupos, una enorme capacidad para escuchar eso que es tan dif\u00edcil en la sociedad en la que vivimos, una enorme capacidad para escuchar, y principalmente por su calidad humana.<\/p>\n\n\n\n<p><strong>27\/11\/25 Necco \u201cCierro una etapa importante en mi vida\u201d<\/strong><\/p>\n\n\n\n<p>Claudia Necco comparti\u00f3 un mensaje cargado de emoci\u00f3n al despedirse del Concejo Deliberante. \u201cPara m\u00ed es el cierre de una etapa muy importante en mi vida\u201d, comenz\u00f3. Record\u00f3 que fueron ocho a\u00f1os de trabajo ininterrumpido, de debates, acuerdos y participaci\u00f3n activa en las comisiones de las que form\u00f3 parte. Desde el inicio integr\u00f3 la Comisi\u00f3n de Tr\u00e1nsito y la Comisi\u00f3n de Educaci\u00f3n, donde trabaj\u00f3 junto a Roc\u00edo Mart\u00ednez como secretaria de Educaci\u00f3n. \u201cMuy justas las palabras que expres\u00f3 el concejal Villalonga sobre ella\u201d, se\u00f1al\u00f3.<\/p>\n\n\n\n<p>Necco destac\u00f3 que durante estos a\u00f1os asumi\u00f3 con responsabilidad el compromiso de atender lo que los vecinos ped\u00edan y necesitaban. \u201cTuve el honor de ser su voz en este Concejo Deliberante\u201d, dijo, poniendo en valor el trabajo cotidiano, cada uno desde su rol y sus intereses: \u201cAlgunos disfrutan m\u00e1s de los n\u00fameros, otros de lo social; as\u00ed transcurrieron mis ocho a\u00f1os aqu\u00ed\u201d.<\/p>\n\n\n\n<p>Agradeci\u00f3 especialmente a sus compa\u00f1eros de bloque y a sus hijos, a quienes consider\u00f3 su mayor sost\u00e9n: \u201cSin ellos no hubiese estado ac\u00e1. Fueron mi pilar y quienes me alentaron a seguir adelante. Saben que me gustan los desaf\u00edos, y creo que cumpl\u00ed medianamente bien mi tarea\u201d. Tambi\u00e9n expres\u00f3 su reconocimiento a su partido pol\u00edtico y a quienes la acompa\u00f1aron en las elecciones de 2017 y 2019.<\/p>\n\n\n\n<p>Necco hizo extensivo su agradecimiento a los responsables de las distintas \u00e1reas municipales, tanto del Ejecutivo anterior como del actual, con quienes \u2014seg\u00fan dijo\u2014 mantuvo siempre una comunicaci\u00f3n respetuosa, incluso en charlas informales \u201cquiz\u00e1s con alg\u00fan mate de por medio\u201d. Reconoci\u00f3 adem\u00e1s a los concejales de la oposici\u00f3n y a quienes integraron junto a ella las comisiones de ambos per\u00edodos, as\u00ed como a los secretarios de Seguridad, \u201cque siempre escucharon cada opini\u00f3n con respeto\u201d.<\/p>\n\n\n\n<p>No quiso olvidarse del personal del Concejo Deliberante: \u201cMe llevo un recuerdo excelente de todas las personas que pasaron por esta Secretar\u00eda y de quienes est\u00e1n hoy. A todos, gracias por todo\u201d.<\/p>\n\n\n\n<p>Finalmente, cerr\u00f3 su mensaje con una reflexi\u00f3n \u00edntima: \u201cHoy termino este ciclo con tranquilidad y la convicci\u00f3n de haber dado lo mejor de m\u00ed. Me voy con el coraz\u00f3n lleno de momentos lindos. Al principio no lo fueron tanto, porque ten\u00eda que acostumbrarme, pero crec\u00ed y aprend\u00ed mucho. Seguir\u00e9 caminando las calles y, desde otro lugar, seguir\u00e9 aportando algo para nuestros vecinos y para este Concejo\u201d.<\/p>\n\n\n\n<p><strong>27\/11\/25 Emoci\u00f3n en el relato de Julio Alvarez<\/strong><\/p>\n\n\n\n<p>Julio \u00c1lvarez comenz\u00f3 su despedida agradeciendo al partido que le ofreci\u00f3 integrar la lista que finalmente lo llev\u00f3 a ser concejal. \u201cNunca lo pens\u00e9, sinceramente. Nunca imagin\u00e9 llegar a este lugar\u201d, expres\u00f3. Tambi\u00e9n dedic\u00f3 un agradecimiento profundo a su familia: \u201cVengo de Corrientes, del monte. Si mis hermanos no me hubiesen tra\u00eddo hasta ac\u00e1, yo no ser\u00eda la persona que soy hoy. Soy reconocido en el pueblo, trato siempre de hacer las cosas bien. Si hubiera seguido en el monte, no s\u00e9 qu\u00e9 hubiera sido de mi vida. Por eso les agradezco siempre a mi hermana y a toda mi familia\u201d.<\/p>\n\n\n\n<p>Record\u00f3 un gesto que lo marc\u00f3 al iniciar su mandato: \u201cCuando entr\u00e9 como concejal, Gonzalo Giuli me habl\u00f3 sobre el tema de izar la bandera. Yo le dije que no importaba, pero \u00e9l insisti\u00f3: \u2018Vos sos concejal, ten\u00e9s que izar la bandera\u2019. Esa empat\u00eda, ese apoyo, lo valoro much\u00edsimo. No lo conoc\u00eda y sin embargo estuvo ah\u00ed para acompa\u00f1arme\u201d.<\/p>\n\n\n\n<p>Tambi\u00e9n dedic\u00f3 palabras especiales al personal del Concejo y a las personas que d\u00eda a d\u00eda facilitaron su trabajo. \u201cEl Negro Mart\u00ednez jam\u00e1s me puso un reparo; siempre dispuesto. Lo mismo Nico Luj\u00e1n, siempre pendiente de que yo no tropezara con la puerta o la silla. Yo le hab\u00eda pedido que la silla tuviera palito para apoyar la muleta. Cuando \u00e9l se fue, se not\u00f3. Son cosas peque\u00f1as, gestos, pero que marcan\u201d, relat\u00f3.<\/p>\n\n\n\n<p>Agradeci\u00f3 tambi\u00e9n a Cristina, \u201csiempre atenta, poniendo un cart\u00f3n para que no resbalara la muleta cuando sub\u00eda\u201d; a Alejandra; a Patricia, \u201cque siempre estaba pendiente de ayudarme a acomodar la muleta al subir\u201d; a Mar\u00eda Aniela; a las chicas que hoy est\u00e1n en el Juzgado; a Mar\u00eda Luj\u00e1n y a Johnny: \u201cSiempre se daban cuenta de lo que necesitaba, incluso antes de que yo lo dijera\u201d.<\/p>\n\n\n\n<p>\u00c1lvarez tambi\u00e9n se dirigi\u00f3 a los vecinos de Col\u00f3n: \u201cVoy a seguir recorriendo los barrios como siempre, de noche, con lluvia, como lo hice todos estos a\u00f1os. Voy a seguir trayendo inquietudes al Concejo a trav\u00e9s de mi bloque o, si no, como un vecino m\u00e1s. Y si es necesario, utilizar\u00e9 la Banca Ciudadana\u201d.<\/p>\n\n\n\n<p>Cerr\u00f3 su mensaje con una mezcla de emoci\u00f3n y gratitud: \u201cMe voy con alegr\u00eda. Nunca pens\u00e9 llegar a ser concejal, pero la vida y los vecinos me apoyaron. Desde el 10 de diciembre volver\u00e9 a mi lugar de trabajo, en el hospital, donde estuve siempre y donde voy a estar hasta que me jubile. Las chicas ya me est\u00e1n esperando con los brazos abiertos \u2014no s\u00e9 para qu\u00e9, pero espero que para algo bueno\u201d, dijo entre risas\u2014. Ya estoy practicando el nuevo sistema porque es complicado, as\u00ed que los s\u00e1bados voy viendo c\u00f3mo manejarme<\/p>\n","protected":false},"excerpt":{"rendered":"<p>La \u00faltima sesi\u00f3n ordinaria del a\u00f1o del Concejo Deliberante tuvo un condimento especial: fue tambi\u00e9n la despedida para la mitad de los concejales, que concluyeron su mandato y dejaron su banca. Algunos&#8230;<\/p>\n","protected":false},"author":1,"featured_media":371,"comment_status":"open","ping_status":"open","sticky":false,"template":"","format":"standard","meta":{"footnotes":""},"categories":[3,5],"tags":[],"class_list":["post-9183","post","type-post","status-publish","format-standard","has-post-thumbnail","hentry","category-general","category-politica_local"],"_links":{"self":[{"href":"https:\/\/emisoracolon.com.ar\/index.php\/wp-json\/wp\/v2\/posts\/9183","targetHints":{"allow":["GET"]}}],"collection":[{"href":"https:\/\/emisoracolon.com.ar\/index.php\/wp-json\/wp\/v2\/posts"}],"about":[{"href":"https:\/\/emisoracolon.com.ar\/index.php\/wp-json\/wp\/v2\/types\/post"}],"author":[{"embeddable":true,"href":"https:\/\/emisoracolon.com.ar\/index.php\/wp-json\/wp\/v2\/users\/1"}],"replies":[{"embeddable":true,"href":"https:\/\/emisoracolon.com.ar\/index.php\/wp-json\/wp\/v2\/comments?post=9183"}],"version-history":[{"count":1,"href":"https:\/\/emisoracolon.com.ar\/index.php\/wp-json\/wp\/v2\/posts\/9183\/revisions"}],"predecessor-version":[{"id":9184,"href":"https:\/\/emisoracolon.com.ar\/index.php\/wp-json\/wp\/v2\/posts\/9183\/revisions\/9184"}],"wp:featuredmedia":[{"embeddable":true,"href":"https:\/\/emisoracolon.com.ar\/index.php\/wp-json\/wp\/v2\/media\/371"}],"wp:attachment":[{"href":"https:\/\/emisoracolon.com.ar\/index.php\/wp-json\/wp\/v2\/media?parent=9183"}],"wp:term":[{"taxonomy":"category","embeddable":true,"href":"https:\/\/emisoracolon.com.ar\/index.php\/wp-json\/wp\/v2\/categories?post=9183"},{"taxonomy":"post_tag","embeddable":true,"href":"https:\/\/emisoracolon.com.ar\/index.php\/wp-json\/wp\/v2\/tags?post=9183"}],"curies":[{"name":"wp","href":"https:\/\/api.w.org\/{rel}","templated":true}]}}