{"id":9093,"date":"2025-11-19T16:50:09","date_gmt":"2025-11-19T19:50:09","guid":{"rendered":"https:\/\/emisoracolon.com.ar\/?p=9093"},"modified":"2025-11-19T16:50:09","modified_gmt":"2025-11-19T19:50:09","slug":"baile-por-la-inclusion-3","status":"publish","type":"post","link":"https:\/\/emisoracolon.com.ar\/index.php\/2025\/11\/19\/baile-por-la-inclusion-3\/","title":{"rendered":"Baile por la Inclusi\u00f3n"},"content":{"rendered":"\n<p>Se anuncia el denominado Baile por la Inclusi\u00f3n. Lleva la denominaci\u00f3n de Inclu fest &#8211; 2da edici\u00f3n para celebrar el &#8220;D\u00eda Internacional de las Personas con Discapacidad&#8221;.<\/p>\n\n\n\n<p>Invitan a pasar una jornada de convivencia y disfrute para todos y todas.<\/p>\n\n\n\n<p>(Cabe destacar que el lugar cuenta con accesibilidad)<\/p>\n\n\n\n<p>Ser\u00e1 en Fez disco el mi\u00e9rcoles 26 de noviembre desde las 20:00. El buffet estar\u00e1 a cargo de la cooperadora de la Escuela N\u00b0 501.<\/p>\n\n\n\n<p>La entrada ser\u00e1 abierta libre y gratuita. Organizan la Direcci\u00f3n de Discapacidad y Secretar\u00eda Desarrollo de la Comunidad 521843<\/p>\n","protected":false},"excerpt":{"rendered":"<p>Se anuncia el denominado Baile por la Inclusi\u00f3n. Lleva la denominaci\u00f3n de Inclu fest &#8211; 2da edici\u00f3n para celebrar el &#8220;D\u00eda Internacional de las Personas con Discapacidad&#8221;. Invitan a pasar una jornada&#8230;<\/p>\n","protected":false},"author":1,"featured_media":9094,"comment_status":"open","ping_status":"open","sticky":false,"template":"","format":"standard","meta":{"footnotes":""},"categories":[7,3],"tags":[],"class_list":["post-9093","post","type-post","status-publish","format-standard","has-post-thumbnail","hentry","category-cultura","category-general"],"_links":{"self":[{"href":"https:\/\/emisoracolon.com.ar\/index.php\/wp-json\/wp\/v2\/posts\/9093","targetHints":{"allow":["GET"]}}],"collection":[{"href":"https:\/\/emisoracolon.com.ar\/index.php\/wp-json\/wp\/v2\/posts"}],"about":[{"href":"https:\/\/emisoracolon.com.ar\/index.php\/wp-json\/wp\/v2\/types\/post"}],"author":[{"embeddable":true,"href":"https:\/\/emisoracolon.com.ar\/index.php\/wp-json\/wp\/v2\/users\/1"}],"replies":[{"embeddable":true,"href":"https:\/\/emisoracolon.com.ar\/index.php\/wp-json\/wp\/v2\/comments?post=9093"}],"version-history":[{"count":1,"href":"https:\/\/emisoracolon.com.ar\/index.php\/wp-json\/wp\/v2\/posts\/9093\/revisions"}],"predecessor-version":[{"id":9095,"href":"https:\/\/emisoracolon.com.ar\/index.php\/wp-json\/wp\/v2\/posts\/9093\/revisions\/9095"}],"wp:featuredmedia":[{"embeddable":true,"href":"https:\/\/emisoracolon.com.ar\/index.php\/wp-json\/wp\/v2\/media\/9094"}],"wp:attachment":[{"href":"https:\/\/emisoracolon.com.ar\/index.php\/wp-json\/wp\/v2\/media?parent=9093"}],"wp:term":[{"taxonomy":"category","embeddable":true,"href":"https:\/\/emisoracolon.com.ar\/index.php\/wp-json\/wp\/v2\/categories?post=9093"},{"taxonomy":"post_tag","embeddable":true,"href":"https:\/\/emisoracolon.com.ar\/index.php\/wp-json\/wp\/v2\/tags?post=9093"}],"curies":[{"name":"wp","href":"https:\/\/api.w.org\/{rel}","templated":true}]}}