{"id":9048,"date":"2025-11-17T17:37:14","date_gmt":"2025-11-17T20:37:14","guid":{"rendered":"https:\/\/emisoracolon.com.ar\/?p=9048"},"modified":"2025-11-17T17:37:14","modified_gmt":"2025-11-17T20:37:14","slug":"la-pirula-va-el-lunes","status":"publish","type":"post","link":"https:\/\/emisoracolon.com.ar\/index.php\/2025\/11\/17\/la-pirula-va-el-lunes\/","title":{"rendered":"La Pirula va el lunes"},"content":{"rendered":"\n<p>El pr\u00f3ximo lunes 24\/11 (feriado), de 16:00 a 22:00 invitan a disfrutar de una jornada \u00fanica en la Plaza 17 de Octubre, donde la comunidad se re\u00fane para celebrar nuestras tradiciones, el arte y la identidad local.<\/p>\n\n\n\n<p>Habr\u00e1 m\u00fasica, danza, teatro, mural colectivo, comidas tradicionales y el encendido simb\u00f3lico de las pirulas: una experiencia llena de color, historia y encuentro.<\/p>\n\n\n\n<p>Con la participaci\u00f3n de artistas locales, academias invitadas y las presentaciones de Trapito P\u00e9rez y su banda, Merda D&#8217; Artista y La Liga Cuartetera, que cerrar\u00e1 la noche a pura fiesta.<\/p>\n\n\n\n<p>Recordemos que ayer se tom\u00f3 la decisi\u00f3n de postergar el festival de la Pirula que estaba previsto en el predio de la Plaza 17 de Octubre en 9 y 42,<\/p>\n\n\n\n<p>A esa decisi\u00f3n llegaron el personal de la Cooperadora de la Escuela Primaria N\u00b06, la Secretar\u00eda de Producci\u00f3n y Empleo y de la Subsecretar\u00eda de Cultura tras corroborar que las condiciones del lugar no eran las adecuadas para las que se lleve adelante el &#8220;Festival de la Pirula&#8221;<\/p>\n","protected":false},"excerpt":{"rendered":"<p>El pr\u00f3ximo lunes 24\/11 (feriado), de 16:00 a 22:00 invitan a disfrutar de una jornada \u00fanica en la Plaza 17 de Octubre, donde la comunidad se re\u00fane para celebrar nuestras tradiciones, el&#8230;<\/p>\n","protected":false},"author":1,"featured_media":9049,"comment_status":"open","ping_status":"open","sticky":false,"template":"","format":"standard","meta":{"footnotes":""},"categories":[7,3],"tags":[],"class_list":["post-9048","post","type-post","status-publish","format-standard","has-post-thumbnail","hentry","category-cultura","category-general"],"_links":{"self":[{"href":"https:\/\/emisoracolon.com.ar\/index.php\/wp-json\/wp\/v2\/posts\/9048","targetHints":{"allow":["GET"]}}],"collection":[{"href":"https:\/\/emisoracolon.com.ar\/index.php\/wp-json\/wp\/v2\/posts"}],"about":[{"href":"https:\/\/emisoracolon.com.ar\/index.php\/wp-json\/wp\/v2\/types\/post"}],"author":[{"embeddable":true,"href":"https:\/\/emisoracolon.com.ar\/index.php\/wp-json\/wp\/v2\/users\/1"}],"replies":[{"embeddable":true,"href":"https:\/\/emisoracolon.com.ar\/index.php\/wp-json\/wp\/v2\/comments?post=9048"}],"version-history":[{"count":1,"href":"https:\/\/emisoracolon.com.ar\/index.php\/wp-json\/wp\/v2\/posts\/9048\/revisions"}],"predecessor-version":[{"id":9050,"href":"https:\/\/emisoracolon.com.ar\/index.php\/wp-json\/wp\/v2\/posts\/9048\/revisions\/9050"}],"wp:featuredmedia":[{"embeddable":true,"href":"https:\/\/emisoracolon.com.ar\/index.php\/wp-json\/wp\/v2\/media\/9049"}],"wp:attachment":[{"href":"https:\/\/emisoracolon.com.ar\/index.php\/wp-json\/wp\/v2\/media?parent=9048"}],"wp:term":[{"taxonomy":"category","embeddable":true,"href":"https:\/\/emisoracolon.com.ar\/index.php\/wp-json\/wp\/v2\/categories?post=9048"},{"taxonomy":"post_tag","embeddable":true,"href":"https:\/\/emisoracolon.com.ar\/index.php\/wp-json\/wp\/v2\/tags?post=9048"}],"curies":[{"name":"wp","href":"https:\/\/api.w.org\/{rel}","templated":true}]}}