{"id":8990,"date":"2025-11-13T16:29:15","date_gmt":"2025-11-13T19:29:15","guid":{"rendered":"https:\/\/emisoracolon.com.ar\/?p=8990"},"modified":"2025-11-13T16:29:15","modified_gmt":"2025-11-13T19:29:15","slug":"dos-festivales-con-sello-local-musica-arte-y-tradicion","status":"publish","type":"post","link":"https:\/\/emisoracolon.com.ar\/index.php\/2025\/11\/13\/dos-festivales-con-sello-local-musica-arte-y-tradicion\/","title":{"rendered":"Dos festivales con sello local: m\u00fasica, arte y tradici\u00f3n"},"content":{"rendered":"\n<p>Este fin de semana Col\u00f3n vivir\u00e1 dos propuestas culturales en la Plaza 17 de Octubre. El s\u00e1bado, desde las 18:00, se realizar\u00e1 \u201cAPA en Vivo\u201d, un festival con entrada libre que reunir\u00e1 a j\u00f3venes artistas locales y regionales con m\u00fasica, arte, patio de comidas y muestras en vivo. Actuar\u00e1n Imuramusic, Fin del Mono, Joaqomolina, Bifes con Ensalada, Onlyfunk.ar y Terranera.crew, y el evento ser\u00e1 transmitido por Kick, Twitch y YouTube.<\/p>\n\n\n\n<figure class=\"wp-block-image size-large\"><img loading=\"lazy\" decoding=\"async\" width=\"819\" height=\"1024\" src=\"http:\/\/emisoracolon.com.ar\/wp-content\/uploads\/2025\/11\/234f8c7a-7543-4c86-8bf5-c47dbe670fb1-1-819x1024.jpeg\" alt=\"\" class=\"wp-image-8991\" srcset=\"http:\/\/emisoracolon.com.ar\/wp-content\/uploads\/2025\/11\/234f8c7a-7543-4c86-8bf5-c47dbe670fb1-1-819x1024.jpeg 819w, http:\/\/emisoracolon.com.ar\/wp-content\/uploads\/2025\/11\/234f8c7a-7543-4c86-8bf5-c47dbe670fb1-1-240x300.jpeg 240w, http:\/\/emisoracolon.com.ar\/wp-content\/uploads\/2025\/11\/234f8c7a-7543-4c86-8bf5-c47dbe670fb1-1-768x960.jpeg 768w, http:\/\/emisoracolon.com.ar\/wp-content\/uploads\/2025\/11\/234f8c7a-7543-4c86-8bf5-c47dbe670fb1-1-1229x1536.jpeg 1229w, http:\/\/emisoracolon.com.ar\/wp-content\/uploads\/2025\/11\/234f8c7a-7543-4c86-8bf5-c47dbe670fb1-1-300x375.jpeg 300w, http:\/\/emisoracolon.com.ar\/wp-content\/uploads\/2025\/11\/234f8c7a-7543-4c86-8bf5-c47dbe670fb1-1-850x1063.jpeg 850w, http:\/\/emisoracolon.com.ar\/wp-content\/uploads\/2025\/11\/234f8c7a-7543-4c86-8bf5-c47dbe670fb1-1.jpeg 1280w\" sizes=\"auto, (max-width: 819px) 100vw, 819px\" \/><\/figure>\n\n\n\n<p>La directora de Cultura, Laura Enrique, explic\u00f3 que \u201cAPA\u201d significa Agrupaci\u00f3n de Productores Audiovisuales, un grupo de j\u00f3venes que trabaja en streaming y busca difundir su producci\u00f3n art\u00edstica. Valor\u00f3 que estas actividades generan espacios de encuentro y visibilizan a los artistas colonenses.<\/p>\n\n\n\n<p>El domingo 16, desde las 16:00, tendr\u00e1 lugar la primera edici\u00f3n del Festival de la Pirula, que combinar\u00e1 gastronom\u00eda y cultura local. Habr\u00e1 feria de emprendedores, espacios educativos y shows de La Liga Cuartetera y Trapito P\u00e9rez y su banda. Enrique destac\u00f3 que el festival busca consolidarse como una nueva identidad colonense y ser declarado de inter\u00e9s provincial, rescatando un s\u00edmbolo tradicional a trav\u00e9s de recetas y expresiones art\u00edsticas que fortalezcan el sentido de comunidad.<\/p>\n","protected":false},"excerpt":{"rendered":"<p>Este fin de semana Col\u00f3n vivir\u00e1 dos propuestas culturales en la Plaza 17 de Octubre. El s\u00e1bado, desde las 18:00, se realizar\u00e1 \u201cAPA en Vivo\u201d, un festival con entrada libre que reunir\u00e1&#8230;<\/p>\n","protected":false},"author":1,"featured_media":8979,"comment_status":"open","ping_status":"open","sticky":false,"template":"","format":"standard","meta":{"footnotes":""},"categories":[7,3],"tags":[],"class_list":["post-8990","post","type-post","status-publish","format-standard","has-post-thumbnail","hentry","category-cultura","category-general"],"_links":{"self":[{"href":"https:\/\/emisoracolon.com.ar\/index.php\/wp-json\/wp\/v2\/posts\/8990","targetHints":{"allow":["GET"]}}],"collection":[{"href":"https:\/\/emisoracolon.com.ar\/index.php\/wp-json\/wp\/v2\/posts"}],"about":[{"href":"https:\/\/emisoracolon.com.ar\/index.php\/wp-json\/wp\/v2\/types\/post"}],"author":[{"embeddable":true,"href":"https:\/\/emisoracolon.com.ar\/index.php\/wp-json\/wp\/v2\/users\/1"}],"replies":[{"embeddable":true,"href":"https:\/\/emisoracolon.com.ar\/index.php\/wp-json\/wp\/v2\/comments?post=8990"}],"version-history":[{"count":1,"href":"https:\/\/emisoracolon.com.ar\/index.php\/wp-json\/wp\/v2\/posts\/8990\/revisions"}],"predecessor-version":[{"id":8992,"href":"https:\/\/emisoracolon.com.ar\/index.php\/wp-json\/wp\/v2\/posts\/8990\/revisions\/8992"}],"wp:featuredmedia":[{"embeddable":true,"href":"https:\/\/emisoracolon.com.ar\/index.php\/wp-json\/wp\/v2\/media\/8979"}],"wp:attachment":[{"href":"https:\/\/emisoracolon.com.ar\/index.php\/wp-json\/wp\/v2\/media?parent=8990"}],"wp:term":[{"taxonomy":"category","embeddable":true,"href":"https:\/\/emisoracolon.com.ar\/index.php\/wp-json\/wp\/v2\/categories?post=8990"},{"taxonomy":"post_tag","embeddable":true,"href":"https:\/\/emisoracolon.com.ar\/index.php\/wp-json\/wp\/v2\/tags?post=8990"}],"curies":[{"name":"wp","href":"https:\/\/api.w.org\/{rel}","templated":true}]}}