{"id":8952,"date":"2025-11-10T16:55:18","date_gmt":"2025-11-10T19:55:18","guid":{"rendered":"https:\/\/emisoracolon.com.ar\/?p=8952"},"modified":"2025-11-10T16:55:18","modified_gmt":"2025-11-10T19:55:18","slug":"muestras-de-fin-de-ano-de-teatro-de-la-escuela-de-bellas-artes","status":"publish","type":"post","link":"https:\/\/emisoracolon.com.ar\/index.php\/2025\/11\/10\/muestras-de-fin-de-ano-de-teatro-de-la-escuela-de-bellas-artes\/","title":{"rendered":"Muestras de fin de a\u00f1o de teatro de la Escuela de Bellas Artes"},"content":{"rendered":"\n<p>El pasado viernes se realiz\u00f3 la primera muestra de fin de a\u00f1o de teatro de la Escuela de Bellas Artes, en la Sala Carlos Laplacette de la Biblioteca Popular Mariano Moreno.<\/p>\n\n\n\n<p>En esta oportunidad se presentaron cuatro obras de reconocidos autores: Roberto Fontanarrosa, Pablo Albarello, Luis Pescetti y Ren\u00e9 Obadia, que deleitaron al p\u00fablico presente.<\/p>\n\n\n\n<p>Una gran cantidad de espectadores se acerc\u00f3 a disfrutar del trabajo realizado a lo largo del a\u00f1o por la profesora Adriana Brescovich, cuya dedicaci\u00f3n qued\u00f3 reflejada en cada puesta en escena.<\/p>\n\n\n\n<p>Cabe mencionar que con esta presentaci\u00f3n se dio inicio al ciclo de muestras de fin de a\u00f1o en ese espacio. La continuidad ser\u00e1 el 21 de noviembre, con la muestra del grupo de adolescentes, a cargo de la profesora Ana Bel\u00e9n Rodr\u00edguez; mientras que el 22 de noviembre ser\u00e1 el turno del cierre, nuevamente con el grupo de teatro dirigido por Adriana Brescovich.<\/p>\n","protected":false},"excerpt":{"rendered":"<p>El pasado viernes se realiz\u00f3 la primera muestra de fin de a\u00f1o de teatro de la Escuela de Bellas Artes, en la Sala Carlos Laplacette de la Biblioteca Popular Mariano Moreno. En&#8230;<\/p>\n","protected":false},"author":1,"featured_media":8953,"comment_status":"open","ping_status":"open","sticky":false,"template":"","format":"standard","meta":{"footnotes":""},"categories":[7,3],"tags":[],"class_list":["post-8952","post","type-post","status-publish","format-standard","has-post-thumbnail","hentry","category-cultura","category-general"],"_links":{"self":[{"href":"https:\/\/emisoracolon.com.ar\/index.php\/wp-json\/wp\/v2\/posts\/8952","targetHints":{"allow":["GET"]}}],"collection":[{"href":"https:\/\/emisoracolon.com.ar\/index.php\/wp-json\/wp\/v2\/posts"}],"about":[{"href":"https:\/\/emisoracolon.com.ar\/index.php\/wp-json\/wp\/v2\/types\/post"}],"author":[{"embeddable":true,"href":"https:\/\/emisoracolon.com.ar\/index.php\/wp-json\/wp\/v2\/users\/1"}],"replies":[{"embeddable":true,"href":"https:\/\/emisoracolon.com.ar\/index.php\/wp-json\/wp\/v2\/comments?post=8952"}],"version-history":[{"count":1,"href":"https:\/\/emisoracolon.com.ar\/index.php\/wp-json\/wp\/v2\/posts\/8952\/revisions"}],"predecessor-version":[{"id":8954,"href":"https:\/\/emisoracolon.com.ar\/index.php\/wp-json\/wp\/v2\/posts\/8952\/revisions\/8954"}],"wp:featuredmedia":[{"embeddable":true,"href":"https:\/\/emisoracolon.com.ar\/index.php\/wp-json\/wp\/v2\/media\/8953"}],"wp:attachment":[{"href":"https:\/\/emisoracolon.com.ar\/index.php\/wp-json\/wp\/v2\/media?parent=8952"}],"wp:term":[{"taxonomy":"category","embeddable":true,"href":"https:\/\/emisoracolon.com.ar\/index.php\/wp-json\/wp\/v2\/categories?post=8952"},{"taxonomy":"post_tag","embeddable":true,"href":"https:\/\/emisoracolon.com.ar\/index.php\/wp-json\/wp\/v2\/tags?post=8952"}],"curies":[{"name":"wp","href":"https:\/\/api.w.org\/{rel}","templated":true}]}}