{"id":8947,"date":"2025-11-10T16:53:40","date_gmt":"2025-11-10T19:53:40","guid":{"rendered":"https:\/\/emisoracolon.com.ar\/?p=8947"},"modified":"2025-11-10T16:53:40","modified_gmt":"2025-11-10T19:53:40","slug":"colon-celebro-el-dia-de-la-tradicion","status":"publish","type":"post","link":"https:\/\/emisoracolon.com.ar\/index.php\/2025\/11\/10\/colon-celebro-el-dia-de-la-tradicion\/","title":{"rendered":"Col\u00f3n celebr\u00f3 el D\u00eda de la Tradici\u00f3n"},"content":{"rendered":"\n<p>Con distintas actividades y un importante acompa\u00f1amiento del p\u00fablico, Col\u00f3n conmemor\u00f3 este domingo el D\u00eda de la Tradici\u00f3n, fecha que recuerda el natalicio del poeta argentino Jos\u00e9 Hern\u00e1ndez, autor de El gaucho Mart\u00edn Fierro y La vuelta de Mart\u00edn Fierro.<\/p>\n\n\n\n<p>Tal como estaba previsto, la jornada comenz\u00f3 por la ma\u00f1ana con un desfile criollo que recorri\u00f3 los principales bulevares de la ciudad y pas\u00f3 frente al Palacio Municipal. Desde all\u00ed, el intendente \u2014acompa\u00f1ado por funcionarios y la presidenta del Concejo Deliberante\u2014 habilit\u00f3 el inicio del desfile y salud\u00f3 a las agrupaciones tradicionalistas locales y de localidades vecinas que participaron con sus mejores galas. No faltaron los caballos de distintas razas ni los sulkys, esos viejos carruajes de dos ruedas que a\u00fan se conservan y despiertan admiraci\u00f3n entre el p\u00fablico.<\/p>\n\n\n\n<p>Las actividades continuaron en la plaza 17 de Octubre, donde el Club C\u00edrculo Italiano organiz\u00f3 la tradicional Fiesta de la Estaca. Un jurado eligi\u00f3 a los mejores asadores, mientras numerosas familias se acercaron con reposeras para disfrutar de una tarde plena de tradici\u00f3n y m\u00fasica.<\/p>\n\n\n\n<p>Tras la premiaci\u00f3n, hubo destrezas criollas con jinetes y animales, y luego comenzaron los espect\u00e1culos sobre el escenario principal. Actuaron los grupos Intis, Nativos y Crespin del Norte, junto a las agrupaciones de danza El Arbolito, Ballet Col\u00f3n, Los Pampas y La Palmira.<\/p>\n\n\n\n<p>La agradable jornada y la excelente iluminaci\u00f3n de la plaza contribuyeron al clima festivo que se extendi\u00f3 hasta la noche, en una verdadera antesala de la celebraci\u00f3n nacional del 10 de noviembre, D\u00eda de la Tradici\u00f3n.<\/p>\n","protected":false},"excerpt":{"rendered":"<p>Con distintas actividades y un importante acompa\u00f1amiento del p\u00fablico, Col\u00f3n conmemor\u00f3 este domingo el D\u00eda de la Tradici\u00f3n, fecha que recuerda el natalicio del poeta argentino Jos\u00e9 Hern\u00e1ndez, autor de El gaucho&#8230;<\/p>\n","protected":false},"author":1,"featured_media":8948,"comment_status":"open","ping_status":"open","sticky":false,"template":"","format":"standard","meta":{"footnotes":""},"categories":[7,3],"tags":[],"class_list":["post-8947","post","type-post","status-publish","format-standard","has-post-thumbnail","hentry","category-cultura","category-general"],"_links":{"self":[{"href":"https:\/\/emisoracolon.com.ar\/index.php\/wp-json\/wp\/v2\/posts\/8947","targetHints":{"allow":["GET"]}}],"collection":[{"href":"https:\/\/emisoracolon.com.ar\/index.php\/wp-json\/wp\/v2\/posts"}],"about":[{"href":"https:\/\/emisoracolon.com.ar\/index.php\/wp-json\/wp\/v2\/types\/post"}],"author":[{"embeddable":true,"href":"https:\/\/emisoracolon.com.ar\/index.php\/wp-json\/wp\/v2\/users\/1"}],"replies":[{"embeddable":true,"href":"https:\/\/emisoracolon.com.ar\/index.php\/wp-json\/wp\/v2\/comments?post=8947"}],"version-history":[{"count":1,"href":"https:\/\/emisoracolon.com.ar\/index.php\/wp-json\/wp\/v2\/posts\/8947\/revisions"}],"predecessor-version":[{"id":8949,"href":"https:\/\/emisoracolon.com.ar\/index.php\/wp-json\/wp\/v2\/posts\/8947\/revisions\/8949"}],"wp:featuredmedia":[{"embeddable":true,"href":"https:\/\/emisoracolon.com.ar\/index.php\/wp-json\/wp\/v2\/media\/8948"}],"wp:attachment":[{"href":"https:\/\/emisoracolon.com.ar\/index.php\/wp-json\/wp\/v2\/media?parent=8947"}],"wp:term":[{"taxonomy":"category","embeddable":true,"href":"https:\/\/emisoracolon.com.ar\/index.php\/wp-json\/wp\/v2\/categories?post=8947"},{"taxonomy":"post_tag","embeddable":true,"href":"https:\/\/emisoracolon.com.ar\/index.php\/wp-json\/wp\/v2\/tags?post=8947"}],"curies":[{"name":"wp","href":"https:\/\/api.w.org\/{rel}","templated":true}]}}