{"id":8874,"date":"2025-11-04T16:47:00","date_gmt":"2025-11-04T19:47:00","guid":{"rendered":"https:\/\/emisoracolon.com.ar\/?p=8874"},"modified":"2025-11-04T16:47:00","modified_gmt":"2025-11-04T19:47:00","slug":"corte-de-energia-electrica-6","status":"publish","type":"post","link":"https:\/\/emisoracolon.com.ar\/index.php\/2025\/11\/04\/corte-de-energia-electrica-6\/","title":{"rendered":"Corte de energ\u00eda el\u00e9ctrica"},"content":{"rendered":"\n<p>\ud83d\udd27 <strong>CORTE PROGRAMADO DE ENERG\u00cdA EL\u00c9CTRICA<\/strong> \u26a1<\/p>\n\n\n\n<p>Informamos que, con motivo de tareas de <strong>mantenimiento y mejoras en el servicio<\/strong>, se realizar\u00e1 una interrupci\u00f3n programada del suministro el\u00e9ctrico:<\/p>\n\n\n\n<p>\ud83d\udcc5 <strong>Fecha:<\/strong> Mi\u00e9rcoles 5 de noviembre.<\/p>\n\n\n\n<p><br>\ud83d\udd61 <strong>Horario:<\/strong> 06:30 a 09:30.<\/p>\n\n\n\n<p><br>\ud83d\udccd <strong>Zona afectada:<\/strong> Alimentador 5 \u2013 Barrio Las Lilas.<br>\ud83d\udc49 <strong>Calles comprendidas:<\/strong> de 36 a 40 y de 9 a 13.<\/p>\n\n\n\n<p>\u2699\ufe0f <strong>Trabajos a realizar:<\/strong> tareas de mantenimiento y reforma en la l\u00ednea de media tensi\u00f3n.<\/p>\n\n\n\n<p>\u2614 <em>Los trabajos se suspender\u00e1n en caso de lluvia.<\/em><\/p>\n\n\n\n<p>Lic. Pilar Solano<\/p>\n\n\n\n<p>Responsable de Comunicaci\u00f3n Institucional<\/p>\n\n\n\n<p>CEC<\/p>\n\n\n\n<p>Bv. 50 N\u00ba 431 (2720) Col\u00f3n (Bs. As.)<\/p>\n\n\n\n<p>Tel. (02473) 430342<\/p>\n\n\n\n<p><strong>CORTE PROGRAMADO DE ENERG\u00cdA:<\/strong><\/p>\n\n\n\n<p>Informamos a los usuarios que, como resultado de una <strong>urgencia detectada durante el relevamiento en media tensi\u00f3n realizado por la CEC<\/strong>, se llevar\u00e1 a cabo un corte programado para realizar tareas de mantenimiento y mejora del servicio.<\/p>\n\n\n\n<p>\ud83d\udcc5 <strong>Fecha:<\/strong> Mi\u00e9rcoles 5 de noviembre.<\/p>\n\n\n\n<p><br>\ud83d\udd61 <strong>Horario:<\/strong> 06:30 a 10:30.<\/p>\n\n\n\n<p><br>\ud83d\udccd <strong>Zona afectada:<\/strong> Alimentador 4 \u2013 Derivaci\u00f3n GEA &#8211; AGD &#8211; Obrador <em>(ver plano)<\/em><\/p>\n\n\n\n<p><br>\ud83d\udc49 <strong>Calles comprendidas:<\/strong> de calle 127 a 129, y de 34 a 50.<\/p>\n\n\n\n<p><br>\ud83c\udfd8\ufe0f <strong>Sectores:<\/strong> Loteo Musa \u2013 Loteo Riva \u2013 Barrio Rivadavia.<\/p>\n\n\n\n<p>\u2699\ufe0f <strong>Trabajos a realizar:<\/strong> mantenimiento, poda y reformas en la l\u00ednea de media tensi\u00f3n.<\/p>\n\n\n\n<p>\u2614 <em>Las tareas se suspender\u00e1n en caso de lluvia.<\/em><\/p>\n","protected":false},"excerpt":{"rendered":"<p>\ud83d\udd27 CORTE PROGRAMADO DE ENERG\u00cdA EL\u00c9CTRICA \u26a1 Informamos que, con motivo de tareas de mantenimiento y mejoras en el servicio, se realizar\u00e1 una interrupci\u00f3n programada del suministro el\u00e9ctrico: \ud83d\udcc5 Fecha: Mi\u00e9rcoles 5&#8230;<\/p>\n","protected":false},"author":1,"featured_media":472,"comment_status":"open","ping_status":"open","sticky":false,"template":"","format":"standard","meta":{"footnotes":""},"categories":[3],"tags":[],"class_list":["post-8874","post","type-post","status-publish","format-standard","has-post-thumbnail","hentry","category-general"],"_links":{"self":[{"href":"https:\/\/emisoracolon.com.ar\/index.php\/wp-json\/wp\/v2\/posts\/8874","targetHints":{"allow":["GET"]}}],"collection":[{"href":"https:\/\/emisoracolon.com.ar\/index.php\/wp-json\/wp\/v2\/posts"}],"about":[{"href":"https:\/\/emisoracolon.com.ar\/index.php\/wp-json\/wp\/v2\/types\/post"}],"author":[{"embeddable":true,"href":"https:\/\/emisoracolon.com.ar\/index.php\/wp-json\/wp\/v2\/users\/1"}],"replies":[{"embeddable":true,"href":"https:\/\/emisoracolon.com.ar\/index.php\/wp-json\/wp\/v2\/comments?post=8874"}],"version-history":[{"count":1,"href":"https:\/\/emisoracolon.com.ar\/index.php\/wp-json\/wp\/v2\/posts\/8874\/revisions"}],"predecessor-version":[{"id":8875,"href":"https:\/\/emisoracolon.com.ar\/index.php\/wp-json\/wp\/v2\/posts\/8874\/revisions\/8875"}],"wp:featuredmedia":[{"embeddable":true,"href":"https:\/\/emisoracolon.com.ar\/index.php\/wp-json\/wp\/v2\/media\/472"}],"wp:attachment":[{"href":"https:\/\/emisoracolon.com.ar\/index.php\/wp-json\/wp\/v2\/media?parent=8874"}],"wp:term":[{"taxonomy":"category","embeddable":true,"href":"https:\/\/emisoracolon.com.ar\/index.php\/wp-json\/wp\/v2\/categories?post=8874"},{"taxonomy":"post_tag","embeddable":true,"href":"https:\/\/emisoracolon.com.ar\/index.php\/wp-json\/wp\/v2\/tags?post=8874"}],"curies":[{"name":"wp","href":"https:\/\/api.w.org\/{rel}","templated":true}]}}