{"id":8854,"date":"2025-11-03T16:32:30","date_gmt":"2025-11-03T19:32:30","guid":{"rendered":"https:\/\/emisoracolon.com.ar\/?p=8854"},"modified":"2025-11-03T16:32:30","modified_gmt":"2025-11-03T19:32:30","slug":"colon-celebro-con-arte-y-musica-sus-133-anos","status":"publish","type":"post","link":"https:\/\/emisoracolon.com.ar\/index.php\/2025\/11\/03\/colon-celebro-con-arte-y-musica-sus-133-anos\/","title":{"rendered":"Col\u00f3n celebr\u00f3 con arte y m\u00fasica sus 133 a\u00f1os"},"content":{"rendered":"\n<p><strong><\/strong><strong>El Polo Cultural fue ayer el escenario de la celebraci\u00f3n por el 133\u00b0 aniversario de la creaci\u00f3n del Partido de Col\u00f3n, una jornada marcada por la participaci\u00f3n de artistas locales, el entusiasmo del p\u00fablico y un clima de comunidad que se sinti\u00f3 desde temprano.<\/strong><\/p>\n\n\n\n<p><strong>Desde poco despu\u00e9s de las 16:00, el predio comenz\u00f3 a recibir a los vecinos, quienes pudieron recorrer los distintos puestos de artesanos, propuestas gastron\u00f3micas y stands de emprendedores.<\/strong><\/p>\n\n\n\n<p><strong>Pasadas las 17:00, se dio inicio formal al acto con la entonaci\u00f3n del Himno Nacional Argentino, interpretado por Stella Guti\u00e9rrez, y un momento especial: la recreaci\u00f3n, despu\u00e9s de mucho tiempo, del Himno a Col\u00f3n, en la voz de Mariela Mart\u00ednez.<\/strong><\/p>\n\n\n\n<p><strong>Luego lleg\u00f3 el turno de los m\u00e1s chicos, con la participaci\u00f3n de los Cursos de Folclore Ni\u00f1os \u2013 Delegaci\u00f3n El Arbolito y Escuela de Bellas Artes, adem\u00e1s del Curso de Danzas Cl\u00e1sicas Ni\u00f1os de la misma instituci\u00f3n. La grilla continu\u00f3 con propuestas para toda la familia. El grupo Ruleman y Los Desconocidos de Siempre hizo disfrutar a los ni\u00f1os con su combinaci\u00f3n de rock infantil, clown y magia.<\/strong><\/p>\n\n\n\n<p><strong>A continuaci\u00f3n, Gonzalo Chichiri debut\u00f3 en el escenario del Polo interpretando cl\u00e1sicos del rock nacional. El Instituto Fanny Elssler present\u00f3 coloridas coreograf\u00edas de danzas espa\u00f1olas, seguida por un elegante tango a cargo de los profesoras Florencia Daluisio y Karen Tomino, de la Escuela de Bellas Artes.<\/strong><\/p>\n\n\n\n<p><strong>Tambi\u00e9n fue el debut de Caterina Hermosi, quien interpret\u00f3 temas de cuarteto e hizo que varias parejas se animaran a bailar. Despu\u00e9s, la Agrupaci\u00f3n Folkl\u00f3rica El Arbolito ofreci\u00f3 un excelente cuadro de danzas, y el Ballet Folkl\u00f3rico Col\u00f3n mantuvo el nivel con interpretaciones tradicionales de folklore. Finalmente, desde Ferr\u00e9, el Grupo Folkl\u00f3rico \u201cEl Acullico\u201d* present\u00f3 una interesante coreograf\u00eda basada en El necio, de Silvio Rodr\u00edguez y Luis Alberto Aute, interpretada por Nahuel Pennisi, transmitiendo un mensaje de aceptaci\u00f3n y reflexi\u00f3n sobre la vida y el paso del tiempo.<\/strong><\/p>\n\n\n\n<p><strong>Antes del cierre musical, el intendente Waldemar Giordano dirigi\u00f3 unas palabras de compromiso y agradecimiento a los vecinos.<\/strong><\/p>\n\n\n\n<p><strong>Comenz\u00f3 el cierre art\u00edstico con Milena Salamanca, quien brind\u00f3 un show de gran nivel junto a su grupo. Comenz\u00f3 con canciones mel\u00f3dicas y luego recorri\u00f3 cl\u00e1sicos del folklore, haciendo bailar al p\u00fablico con gatos y chacareras. La artista destac\u00f3 sus ra\u00edces colonenses, saludando a su madre, abuelo y t\u00eda desde el escenario, y mencionando la influencia juje\u00f1a heredada de su padre. Su dulce voz brill\u00f3 especialmente al interpretar la emblem\u00e1tica Zamba de mi esperanza\u201d.<\/strong><\/p>\n\n\n\n<p><strong>La fiesta concluy\u00f3 con la presentaci\u00f3n de Chelo, en un ambiente festivo, familiar y sobre todo de baile.<\/strong><\/p>\n\n\n\n<p><strong>Fue, en definitiva, una hermosa jornada de celebraci\u00f3n, con una amplia y variada grilla art\u00edstica, excelentes voces y un p\u00fablico que acompa\u00f1\u00f3 con entusiasmo. Tal vez la abundancia de n\u00fameros art\u00edsticos extendi\u00f3 los horarios m\u00e1s de lo previsto, pero todos quisieron estar presentes en la gran fiesta del pueblo \u2014y eso, sin dudas, es tambi\u00e9n parte del esp\u00edritu de Col\u00f3n.<\/strong><\/p>\n","protected":false},"excerpt":{"rendered":"<p>El Polo Cultural fue ayer el escenario de la celebraci\u00f3n por el 133\u00b0 aniversario de la creaci\u00f3n del Partido de Col\u00f3n, una jornada marcada por la participaci\u00f3n de artistas locales, el entusiasmo&#8230;<\/p>\n","protected":false},"author":1,"featured_media":8855,"comment_status":"open","ping_status":"open","sticky":false,"template":"","format":"standard","meta":{"footnotes":""},"categories":[7,3],"tags":[],"class_list":["post-8854","post","type-post","status-publish","format-standard","has-post-thumbnail","hentry","category-cultura","category-general"],"_links":{"self":[{"href":"https:\/\/emisoracolon.com.ar\/index.php\/wp-json\/wp\/v2\/posts\/8854","targetHints":{"allow":["GET"]}}],"collection":[{"href":"https:\/\/emisoracolon.com.ar\/index.php\/wp-json\/wp\/v2\/posts"}],"about":[{"href":"https:\/\/emisoracolon.com.ar\/index.php\/wp-json\/wp\/v2\/types\/post"}],"author":[{"embeddable":true,"href":"https:\/\/emisoracolon.com.ar\/index.php\/wp-json\/wp\/v2\/users\/1"}],"replies":[{"embeddable":true,"href":"https:\/\/emisoracolon.com.ar\/index.php\/wp-json\/wp\/v2\/comments?post=8854"}],"version-history":[{"count":1,"href":"https:\/\/emisoracolon.com.ar\/index.php\/wp-json\/wp\/v2\/posts\/8854\/revisions"}],"predecessor-version":[{"id":8856,"href":"https:\/\/emisoracolon.com.ar\/index.php\/wp-json\/wp\/v2\/posts\/8854\/revisions\/8856"}],"wp:featuredmedia":[{"embeddable":true,"href":"https:\/\/emisoracolon.com.ar\/index.php\/wp-json\/wp\/v2\/media\/8855"}],"wp:attachment":[{"href":"https:\/\/emisoracolon.com.ar\/index.php\/wp-json\/wp\/v2\/media?parent=8854"}],"wp:term":[{"taxonomy":"category","embeddable":true,"href":"https:\/\/emisoracolon.com.ar\/index.php\/wp-json\/wp\/v2\/categories?post=8854"},{"taxonomy":"post_tag","embeddable":true,"href":"https:\/\/emisoracolon.com.ar\/index.php\/wp-json\/wp\/v2\/tags?post=8854"}],"curies":[{"name":"wp","href":"https:\/\/api.w.org\/{rel}","templated":true}]}}