{"id":8768,"date":"2025-10-24T17:17:16","date_gmt":"2025-10-24T20:17:16","guid":{"rendered":"https:\/\/emisoracolon.com.ar\/?p=8768"},"modified":"2025-10-24T17:17:16","modified_gmt":"2025-10-24T20:17:16","slug":"el-seven-de-kamikazes-y-la-fanfest-fueron-declarados-de-interes-municipal","status":"publish","type":"post","link":"https:\/\/emisoracolon.com.ar\/index.php\/2025\/10\/24\/el-seven-de-kamikazes-y-la-fanfest-fueron-declarados-de-interes-municipal\/","title":{"rendered":"El Seven de Kamikazes y la FanFest fueron declarados de inter\u00e9s municipal"},"content":{"rendered":"\n<p>El tradicional Seven de Kamikazes Rugby y la FanFest fueron declarados de inter\u00e9s municipal por el Honorable Concejo Deliberante de nuestra ciudad.<\/p>\n\n\n\n<p>El concejal Gonzalo Giuli destac\u00f3 el trabajo sostenido del club, que \u201cdesde hace muchos a\u00f1os viene apostando a este tipo de actividades\u201d. Se\u00f1al\u00f3 adem\u00e1s que \u201ccomo todos los a\u00f1os, con tiempo presentan la nota correspondiente para poder declarar el evento de inter\u00e9s municipal. Es importante para ellos, pero tambi\u00e9n para el municipio, que colabora con las distintas instituciones y clubes, como lo hac\u00eda la gesti\u00f3n de Ricardo Casi y lo sigue haciendo la gesti\u00f3n actual\u201d.<\/p>\n\n\n\n<p>El evento, que comenz\u00f3 como un torneo de rugby y con el tiempo incorpor\u00f3 la FanFest, se ha convertido en un cl\u00e1sico de la ciudad de Col\u00f3n. Participan equipos de diversas disciplinas y clubes, tanto locales como de distintos puntos de la provincia de Buenos Aires y la regi\u00f3n.<\/p>\n\n\n\n<p>La ordenanza aprobada declara de inter\u00e9s municipal el Seven de Kamikazes Rugby y la FanFest, evento que se desarrollar\u00e1 los d\u00edas s\u00e1bado 6 y domingo 7 de diciembre de 2025 en el Polideportivo del Club C\u00edrculo Italiano, ubicado en calle 40 y boulevard 17.<\/p>\n","protected":false},"excerpt":{"rendered":"<p>El tradicional Seven de Kamikazes Rugby y la FanFest fueron declarados de inter\u00e9s municipal por el Honorable Concejo Deliberante de nuestra ciudad. El concejal Gonzalo Giuli destac\u00f3 el trabajo sostenido del club,&#8230;<\/p>\n","protected":false},"author":1,"featured_media":8769,"comment_status":"open","ping_status":"open","sticky":false,"template":"","format":"standard","meta":{"footnotes":""},"categories":[7,3],"tags":[],"class_list":["post-8768","post","type-post","status-publish","format-standard","has-post-thumbnail","hentry","category-cultura","category-general"],"_links":{"self":[{"href":"https:\/\/emisoracolon.com.ar\/index.php\/wp-json\/wp\/v2\/posts\/8768","targetHints":{"allow":["GET"]}}],"collection":[{"href":"https:\/\/emisoracolon.com.ar\/index.php\/wp-json\/wp\/v2\/posts"}],"about":[{"href":"https:\/\/emisoracolon.com.ar\/index.php\/wp-json\/wp\/v2\/types\/post"}],"author":[{"embeddable":true,"href":"https:\/\/emisoracolon.com.ar\/index.php\/wp-json\/wp\/v2\/users\/1"}],"replies":[{"embeddable":true,"href":"https:\/\/emisoracolon.com.ar\/index.php\/wp-json\/wp\/v2\/comments?post=8768"}],"version-history":[{"count":1,"href":"https:\/\/emisoracolon.com.ar\/index.php\/wp-json\/wp\/v2\/posts\/8768\/revisions"}],"predecessor-version":[{"id":8770,"href":"https:\/\/emisoracolon.com.ar\/index.php\/wp-json\/wp\/v2\/posts\/8768\/revisions\/8770"}],"wp:featuredmedia":[{"embeddable":true,"href":"https:\/\/emisoracolon.com.ar\/index.php\/wp-json\/wp\/v2\/media\/8769"}],"wp:attachment":[{"href":"https:\/\/emisoracolon.com.ar\/index.php\/wp-json\/wp\/v2\/media?parent=8768"}],"wp:term":[{"taxonomy":"category","embeddable":true,"href":"https:\/\/emisoracolon.com.ar\/index.php\/wp-json\/wp\/v2\/categories?post=8768"},{"taxonomy":"post_tag","embeddable":true,"href":"https:\/\/emisoracolon.com.ar\/index.php\/wp-json\/wp\/v2\/tags?post=8768"}],"curies":[{"name":"wp","href":"https:\/\/api.w.org\/{rel}","templated":true}]}}