{"id":8754,"date":"2025-10-23T16:48:37","date_gmt":"2025-10-23T19:48:37","guid":{"rendered":"https:\/\/emisoracolon.com.ar\/?p=8754"},"modified":"2025-10-23T16:48:37","modified_gmt":"2025-10-23T19:48:37","slug":"encuentro-coral","status":"publish","type":"post","link":"https:\/\/emisoracolon.com.ar\/index.php\/2025\/10\/23\/encuentro-coral\/","title":{"rendered":"Encuentro Coral"},"content":{"rendered":"\n<p>Entre las actividades previstas para el fin de semana, sobre el 3er Encuentro Coral que tendr\u00e1 lugar en el Polo Cultural el pr\u00f3ximo s\u00e1bado desde las 17:00. Organiza el Centro de Jubilados \u201cD\u00eda Feliz\u201d llevar\u00e1 adelante el Tercer Encuentro Coral, un evento que reunir\u00e1 a destacados coros y m\u00fasicos de la regi\u00f3n en un ambiente de m\u00fasica y camarader\u00eda.<\/p>\n\n\n\n<p>Entre los coros participantes se encuentran: Vivencias de Rojas, Abuelos Club Pergamino, Della Societa Italiana y Centro D\u00eda Feliz<\/p>\n\n\n\n<p>Adem\u00e1s, se presentar\u00e1 la orquesta Retocando la Vida\u201dde Pergamino, dirigida por Cecilia Manzoni y Roberto Lanzillota<\/p>\n","protected":false},"excerpt":{"rendered":"<p>Entre las actividades previstas para el fin de semana, sobre el 3er Encuentro Coral que tendr\u00e1 lugar en el Polo Cultural el pr\u00f3ximo s\u00e1bado desde las 17:00. Organiza el Centro de Jubilados&#8230;<\/p>\n","protected":false},"author":1,"featured_media":8755,"comment_status":"open","ping_status":"open","sticky":false,"template":"","format":"standard","meta":{"footnotes":""},"categories":[7,3],"tags":[],"class_list":["post-8754","post","type-post","status-publish","format-standard","has-post-thumbnail","hentry","category-cultura","category-general"],"_links":{"self":[{"href":"https:\/\/emisoracolon.com.ar\/index.php\/wp-json\/wp\/v2\/posts\/8754","targetHints":{"allow":["GET"]}}],"collection":[{"href":"https:\/\/emisoracolon.com.ar\/index.php\/wp-json\/wp\/v2\/posts"}],"about":[{"href":"https:\/\/emisoracolon.com.ar\/index.php\/wp-json\/wp\/v2\/types\/post"}],"author":[{"embeddable":true,"href":"https:\/\/emisoracolon.com.ar\/index.php\/wp-json\/wp\/v2\/users\/1"}],"replies":[{"embeddable":true,"href":"https:\/\/emisoracolon.com.ar\/index.php\/wp-json\/wp\/v2\/comments?post=8754"}],"version-history":[{"count":1,"href":"https:\/\/emisoracolon.com.ar\/index.php\/wp-json\/wp\/v2\/posts\/8754\/revisions"}],"predecessor-version":[{"id":8756,"href":"https:\/\/emisoracolon.com.ar\/index.php\/wp-json\/wp\/v2\/posts\/8754\/revisions\/8756"}],"wp:featuredmedia":[{"embeddable":true,"href":"https:\/\/emisoracolon.com.ar\/index.php\/wp-json\/wp\/v2\/media\/8755"}],"wp:attachment":[{"href":"https:\/\/emisoracolon.com.ar\/index.php\/wp-json\/wp\/v2\/media?parent=8754"}],"wp:term":[{"taxonomy":"category","embeddable":true,"href":"https:\/\/emisoracolon.com.ar\/index.php\/wp-json\/wp\/v2\/categories?post=8754"},{"taxonomy":"post_tag","embeddable":true,"href":"https:\/\/emisoracolon.com.ar\/index.php\/wp-json\/wp\/v2\/tags?post=8754"}],"curies":[{"name":"wp","href":"https:\/\/api.w.org\/{rel}","templated":true}]}}