{"id":8750,"date":"2025-10-23T16:46:21","date_gmt":"2025-10-23T19:46:21","guid":{"rendered":"https:\/\/emisoracolon.com.ar\/?p=8750"},"modified":"2025-10-23T16:46:21","modified_gmt":"2025-10-23T19:46:21","slug":"mutismo-la-vaca-roquera","status":"publish","type":"post","link":"https:\/\/emisoracolon.com.ar\/index.php\/2025\/10\/23\/mutismo-la-vaca-roquera\/","title":{"rendered":"Mutismo; La Vaca Roquera"},"content":{"rendered":"\n<p>Ma\u00f1ana desde las 19:00, en el Sum del Polo Cultural, presentan \u201cEl mutismo de La Vaca Rockera\u201d.<\/p>\n\n\n\n<p>Se trata de un trabajo de investigaci\u00f3n hist\u00f3rica realizado por Martina Arancibia y Quica Sgarbi, sobre un recital de rock que aconteci\u00f3 en diciembre de 1982 en nuestra ciudad, un hecho hist\u00f3rico poco recordado durante 43 a\u00f1os.<\/p>\n\n\n\n<p>Invitan a participar de la presentaci\u00f3n y a redescubrir juntos un fragmento de nuestra historia local en un pa\u00eds que comenzaba a despertar tras una cruel dictadura.<\/p>\n\n\n\n<p>\u201cEl estupor, el silencio, de los j\u00f3venes de Col\u00f3n, d\u00edas de diciembre de 1982\u201d, resume la frase elegida para la presentaci\u00f3n, evocando la mezcla de desconcierto y esperanza que marc\u00f3 aquellos a\u00f1os.<\/p>\n","protected":false},"excerpt":{"rendered":"<p>Ma\u00f1ana desde las 19:00, en el Sum del Polo Cultural, presentan \u201cEl mutismo de La Vaca Rockera\u201d. Se trata de un trabajo de investigaci\u00f3n hist\u00f3rica realizado por Martina Arancibia y Quica Sgarbi,&#8230;<\/p>\n","protected":false},"author":1,"featured_media":8635,"comment_status":"open","ping_status":"open","sticky":false,"template":"","format":"standard","meta":{"footnotes":""},"categories":[7,3],"tags":[],"class_list":["post-8750","post","type-post","status-publish","format-standard","has-post-thumbnail","hentry","category-cultura","category-general"],"_links":{"self":[{"href":"https:\/\/emisoracolon.com.ar\/index.php\/wp-json\/wp\/v2\/posts\/8750","targetHints":{"allow":["GET"]}}],"collection":[{"href":"https:\/\/emisoracolon.com.ar\/index.php\/wp-json\/wp\/v2\/posts"}],"about":[{"href":"https:\/\/emisoracolon.com.ar\/index.php\/wp-json\/wp\/v2\/types\/post"}],"author":[{"embeddable":true,"href":"https:\/\/emisoracolon.com.ar\/index.php\/wp-json\/wp\/v2\/users\/1"}],"replies":[{"embeddable":true,"href":"https:\/\/emisoracolon.com.ar\/index.php\/wp-json\/wp\/v2\/comments?post=8750"}],"version-history":[{"count":1,"href":"https:\/\/emisoracolon.com.ar\/index.php\/wp-json\/wp\/v2\/posts\/8750\/revisions"}],"predecessor-version":[{"id":8751,"href":"https:\/\/emisoracolon.com.ar\/index.php\/wp-json\/wp\/v2\/posts\/8750\/revisions\/8751"}],"wp:featuredmedia":[{"embeddable":true,"href":"https:\/\/emisoracolon.com.ar\/index.php\/wp-json\/wp\/v2\/media\/8635"}],"wp:attachment":[{"href":"https:\/\/emisoracolon.com.ar\/index.php\/wp-json\/wp\/v2\/media?parent=8750"}],"wp:term":[{"taxonomy":"category","embeddable":true,"href":"https:\/\/emisoracolon.com.ar\/index.php\/wp-json\/wp\/v2\/categories?post=8750"},{"taxonomy":"post_tag","embeddable":true,"href":"https:\/\/emisoracolon.com.ar\/index.php\/wp-json\/wp\/v2\/tags?post=8750"}],"curies":[{"name":"wp","href":"https:\/\/api.w.org\/{rel}","templated":true}]}}