{"id":8742,"date":"2025-10-23T15:55:44","date_gmt":"2025-10-23T18:55:44","guid":{"rendered":"https:\/\/emisoracolon.com.ar\/?p=8742"},"modified":"2025-10-23T15:55:44","modified_gmt":"2025-10-23T18:55:44","slug":"milena-salamanca-volver-a-colon-sera-algo-muy-emocionante-y-feliz","status":"publish","type":"post","link":"https:\/\/emisoracolon.com.ar\/index.php\/2025\/10\/23\/milena-salamanca-volver-a-colon-sera-algo-muy-emocionante-y-feliz\/","title":{"rendered":"Milena Salamanca: \u201cVolver a Col\u00f3n ser\u00e1 algo muy emocionante y feliz\u201d"},"content":{"rendered":"\n<p>La reconocida cantora ser\u00e1 la figura central de los festejos por un nuevo aniversario del Partido de Col\u00f3n. El espect\u00e1culo se desarrollar\u00e1 en el Polo Cultural, el domingo 2 de noviembre, donde el p\u00fablico podr\u00e1 disfrutar de una de las voces j\u00f3venes m\u00e1s destacadas del folclore argentino.<\/p>\n\n\n\n<p>Hija y nieta de colonenses, Milena expres\u00f3 su alegr\u00eda por volver a sus ra\u00edces y anticip\u00f3 una presentaci\u00f3n llena de emoci\u00f3n y m\u00fasica.<\/p>\n\n\n\n<p>\u2014Milena, \u00bfc\u00f3mo recibiste la invitaci\u00f3n para participar en el aniversario del Partido?<\/p>\n\n\n\n<p>\u2014Muy emocionada y feliz de que me tengan en cuenta. Despu\u00e9s de muchos a\u00f1os de no poder volver a Col\u00f3n \u2014principalmente por la pandemia, el trabajo y los tiempos de la vida\u2014 siento una gran alegr\u00eda de poder hacerlo. Voy a ir con mi mam\u00e1, que me acompa\u00f1ar\u00e1, y tambi\u00e9n podr\u00e9 ver a mi familia. Cuando era chica mi abuela Norma me llamaba mucho, y hasta la adolescencia viaj\u00e9 varias veces a Col\u00f3n. Por eso s\u00e9 que ser\u00e1 una experiencia muy emotiva. Adem\u00e1s, ser\u00e1 la segunda vez que canto all\u00ed; la primera fue hace unos diez a\u00f1os.<\/p>\n\n\n\n<p>\u2014\u00bfEn qu\u00e9 est\u00e1s trabajando actualmente?<\/p>\n\n\n\n<p>\u2014El folclore sigue siendo lo esencial, aunque en mi segundo disco incorpor\u00e9 otras influencias. Mi primer disco tiene una ra\u00edz m\u00e1s tradicional, del norte y latinoamericana. En el segundo hay canciones propias y de colegas, con una propuesta m\u00e1s diversa. Hoy sigo en ese camino: canciones para escuchar, obras de amigos y tambi\u00e9n temas para bailar. Me gusta que el p\u00fablico pueda disfrutar de ambas cosas.<\/p>\n\n\n\n<p>\u2014\u00bfC\u00f3mo se desarrolla hoy tu actividad art\u00edstica fuera de los escenarios?<\/p>\n\n\n\n<p>\u2014Pienso primero en el deseo: qu\u00e9 tengo ganas de hacer. Y despu\u00e9s, en la demanda, en lo que la gente quiere escuchar. Busco canciones, compongo, escucho y decido. Tambi\u00e9n surgen colaboraciones, algunas por amistad o admiraci\u00f3n, otras por invitaciones m\u00e1s ligadas al mercado. Trato de elegir con cuidado y de ser coherente con lo que quiero transmitir.<\/p>\n\n\n\n<p>\u2014\u00bfDe d\u00f3nde provienen los recursos para sostener una carrera independiente?<\/p>\n\n\n\n<p>\u2014Antes se viv\u00eda de vender discos y salir a cantar. Yo viv\u00ed esa transici\u00f3n: tener el disco f\u00edsico, venderlo y luego pasar a lo virtual. Hoy lo que me sostiene es cantar, salir de gira, organizar conciertos. Es un trabajo arduo: buscar lugares, recibir llamados, coordinar con el equipo que trabaja conmigo. Hacer un disco sigue siendo car\u00edsimo, como comprarse un auto. Siempre fue un privilegio poder grabar. A veces hay que pedir ayuda o endeudarse, y muchos colegas complementan con otros trabajos. Pero la clave sigue siendo salir a cantar.<\/p>\n\n\n\n<p>\u2014Tu carrera se caracteriza por la independencia y la autogesti\u00f3n. \u00bfC\u00f3mo lo viv\u00eds?<\/p>\n\n\n\n<p>\u2014Siempre eleg\u00ed qu\u00e9 cantar, qu\u00e9 grabar y con qui\u00e9n trabajar. Nunca tuve una gran productora detr\u00e1s, y aunque eso puede facilitar algunas cosas, tambi\u00e9n implica resignar decisiones. Prefiero manejar mi camino con libertad. No romantizo la autogesti\u00f3n, pero me da la tranquilidad de ser fiel a lo que quiero hacer.<\/p>\n\n\n\n<p>\u2014\u00bfQui\u00e9nes te acompa\u00f1ar\u00e1n en el show de Col\u00f3n?<\/p>\n\n\n\n<p>\u2014Trabajo desde hace a\u00f1os con mi hermana, que es violinista y cantora. Tambi\u00e9n est\u00e1 un amigo de toda la vida, alumno de mi pap\u00e1 cuando era chico; es como un hermano para m\u00ed. Se suman El\u00edas Navarrete, un joven m\u00fasico del sur de Viedma que estudia en La Plata, y Fede Macchi, que est\u00e1 en la banda hace unos cinco a\u00f1os. Somos cinco en total, adem\u00e1s del sonidista, el productor y mi mam\u00e1, que esta vez va solo a disfrutar (aunque le propuse que cantara conmigo).<\/p>\n","protected":false},"excerpt":{"rendered":"<p>La reconocida cantora ser\u00e1 la figura central de los festejos por un nuevo aniversario del Partido de Col\u00f3n. El espect\u00e1culo se desarrollar\u00e1 en el Polo Cultural, el domingo 2 de noviembre, donde&#8230;<\/p>\n","protected":false},"author":1,"featured_media":8611,"comment_status":"open","ping_status":"open","sticky":false,"template":"","format":"standard","meta":{"footnotes":""},"categories":[7,3],"tags":[],"class_list":["post-8742","post","type-post","status-publish","format-standard","has-post-thumbnail","hentry","category-cultura","category-general"],"_links":{"self":[{"href":"https:\/\/emisoracolon.com.ar\/index.php\/wp-json\/wp\/v2\/posts\/8742","targetHints":{"allow":["GET"]}}],"collection":[{"href":"https:\/\/emisoracolon.com.ar\/index.php\/wp-json\/wp\/v2\/posts"}],"about":[{"href":"https:\/\/emisoracolon.com.ar\/index.php\/wp-json\/wp\/v2\/types\/post"}],"author":[{"embeddable":true,"href":"https:\/\/emisoracolon.com.ar\/index.php\/wp-json\/wp\/v2\/users\/1"}],"replies":[{"embeddable":true,"href":"https:\/\/emisoracolon.com.ar\/index.php\/wp-json\/wp\/v2\/comments?post=8742"}],"version-history":[{"count":1,"href":"https:\/\/emisoracolon.com.ar\/index.php\/wp-json\/wp\/v2\/posts\/8742\/revisions"}],"predecessor-version":[{"id":8743,"href":"https:\/\/emisoracolon.com.ar\/index.php\/wp-json\/wp\/v2\/posts\/8742\/revisions\/8743"}],"wp:featuredmedia":[{"embeddable":true,"href":"https:\/\/emisoracolon.com.ar\/index.php\/wp-json\/wp\/v2\/media\/8611"}],"wp:attachment":[{"href":"https:\/\/emisoracolon.com.ar\/index.php\/wp-json\/wp\/v2\/media?parent=8742"}],"wp:term":[{"taxonomy":"category","embeddable":true,"href":"https:\/\/emisoracolon.com.ar\/index.php\/wp-json\/wp\/v2\/categories?post=8742"},{"taxonomy":"post_tag","embeddable":true,"href":"https:\/\/emisoracolon.com.ar\/index.php\/wp-json\/wp\/v2\/tags?post=8742"}],"curies":[{"name":"wp","href":"https:\/\/api.w.org\/{rel}","templated":true}]}}