{"id":8647,"date":"2025-10-15T17:24:11","date_gmt":"2025-10-15T20:24:11","guid":{"rendered":"https:\/\/emisoracolon.com.ar\/?p=8647"},"modified":"2025-10-15T17:24:11","modified_gmt":"2025-10-15T20:24:11","slug":"15-10-25-tercer-encuentro-coral","status":"publish","type":"post","link":"https:\/\/emisoracolon.com.ar\/index.php\/2025\/10\/15\/15-10-25-tercer-encuentro-coral\/","title":{"rendered":"15\/10\/25 &#8211; Tercer Encuentro Coral"},"content":{"rendered":"\n<p>En el marco de los festejos por el aniversario del Partido de Col\u00f3n invitan al 3\u00b0 Encuentro Coral, que ser\u00e1 el s\u00e1bado 25 de octubre en el Polo Cultural con la organizaci\u00f3n del Centro de Jubilados &#8220;D\u00eda Feliz&#8221;.<\/p>\n\n\n\n<p>Se anuncia la presentaci\u00f3n del Coro Vivencias de Rojas (Dir. Luly Peralta), Coro Abuelos Club Pergamino (Dir. Roc\u00edo G\u00f3mez), Orquesta Retocando la Vida de<\/p>\n\n\n\n<p>Pergamino Dir. Cecilia Manzoni y Roberto Lanzillotta) y el Coro Centro D\u00eda Feliz de Col\u00f3n (Dir. Roberto Lanzillotta)<\/p>\n\n\n\n<p>La actividad es auspiciada por la Direcci\u00f3n de Tercera Edad de la Municipalidad de Col\u00f3n.<\/p>\n","protected":false},"excerpt":{"rendered":"<p>En el marco de los festejos por el aniversario del Partido de Col\u00f3n invitan al 3\u00b0 Encuentro Coral, que ser\u00e1 el s\u00e1bado 25 de octubre en el Polo Cultural con la organizaci\u00f3n&#8230;<\/p>\n","protected":false},"author":1,"featured_media":8648,"comment_status":"open","ping_status":"open","sticky":false,"template":"","format":"standard","meta":{"footnotes":""},"categories":[7,3],"tags":[],"class_list":["post-8647","post","type-post","status-publish","format-standard","has-post-thumbnail","hentry","category-cultura","category-general"],"_links":{"self":[{"href":"https:\/\/emisoracolon.com.ar\/index.php\/wp-json\/wp\/v2\/posts\/8647","targetHints":{"allow":["GET"]}}],"collection":[{"href":"https:\/\/emisoracolon.com.ar\/index.php\/wp-json\/wp\/v2\/posts"}],"about":[{"href":"https:\/\/emisoracolon.com.ar\/index.php\/wp-json\/wp\/v2\/types\/post"}],"author":[{"embeddable":true,"href":"https:\/\/emisoracolon.com.ar\/index.php\/wp-json\/wp\/v2\/users\/1"}],"replies":[{"embeddable":true,"href":"https:\/\/emisoracolon.com.ar\/index.php\/wp-json\/wp\/v2\/comments?post=8647"}],"version-history":[{"count":1,"href":"https:\/\/emisoracolon.com.ar\/index.php\/wp-json\/wp\/v2\/posts\/8647\/revisions"}],"predecessor-version":[{"id":8649,"href":"https:\/\/emisoracolon.com.ar\/index.php\/wp-json\/wp\/v2\/posts\/8647\/revisions\/8649"}],"wp:featuredmedia":[{"embeddable":true,"href":"https:\/\/emisoracolon.com.ar\/index.php\/wp-json\/wp\/v2\/media\/8648"}],"wp:attachment":[{"href":"https:\/\/emisoracolon.com.ar\/index.php\/wp-json\/wp\/v2\/media?parent=8647"}],"wp:term":[{"taxonomy":"category","embeddable":true,"href":"https:\/\/emisoracolon.com.ar\/index.php\/wp-json\/wp\/v2\/categories?post=8647"},{"taxonomy":"post_tag","embeddable":true,"href":"https:\/\/emisoracolon.com.ar\/index.php\/wp-json\/wp\/v2\/tags?post=8647"}],"curies":[{"name":"wp","href":"https:\/\/api.w.org\/{rel}","templated":true}]}}