{"id":8634,"date":"2025-10-14T16:41:24","date_gmt":"2025-10-14T19:41:24","guid":{"rendered":"https:\/\/emisoracolon.com.ar\/?p=8634"},"modified":"2025-10-14T16:41:24","modified_gmt":"2025-10-14T19:41:24","slug":"el-mutismo-de-la-vaca-roquera","status":"publish","type":"post","link":"https:\/\/emisoracolon.com.ar\/index.php\/2025\/10\/14\/el-mutismo-de-la-vaca-roquera\/","title":{"rendered":"El Mutismo de la Vaca Roquera"},"content":{"rendered":"\n<p>El viernes 24 de octubre, a las 19:00, en el SUM del Polo Cultural, se presentar\u00e1 \u201cEl mutismo de La Vaca Rockera\u201d, un trabajo de investigaci\u00f3n hist\u00f3rica realizado por Martina Arancibia y Quica Sgarbi.<\/p>\n\n\n\n<p>La propuesta rescata un hecho casi olvidado: un recital de rock que tuvo lugar en diciembre de 1982 en nuestra ciudad, y que permaneci\u00f3 en silencio durante m\u00e1s de cuatro d\u00e9cadas.<\/p>\n\n\n\n<p>La invitaci\u00f3n invita a redescubrir colectivamente ese fragmento de la historia local, atravesado por el clima de un pa\u00eds que comenzaba a despertar tras una cruel dictadura.<\/p>\n\n\n\n<p>\u201cEl estupor, el silencio, de los j\u00f3venes de Col\u00f3n, d\u00edas de diciembre de 1982\u201d, resume la frase elegida para la presentaci\u00f3n, evocando la mezcla de desconcierto y esperanza que marc\u00f3 aquellos a\u00f1os.<\/p>\n","protected":false},"excerpt":{"rendered":"<p>El viernes 24 de octubre, a las 19:00, en el SUM del Polo Cultural, se presentar\u00e1 \u201cEl mutismo de La Vaca Rockera\u201d, un trabajo de investigaci\u00f3n hist\u00f3rica realizado por Martina Arancibia y&#8230;<\/p>\n","protected":false},"author":1,"featured_media":8635,"comment_status":"open","ping_status":"open","sticky":false,"template":"","format":"standard","meta":{"footnotes":""},"categories":[7,3],"tags":[],"class_list":["post-8634","post","type-post","status-publish","format-standard","has-post-thumbnail","hentry","category-cultura","category-general"],"_links":{"self":[{"href":"https:\/\/emisoracolon.com.ar\/index.php\/wp-json\/wp\/v2\/posts\/8634","targetHints":{"allow":["GET"]}}],"collection":[{"href":"https:\/\/emisoracolon.com.ar\/index.php\/wp-json\/wp\/v2\/posts"}],"about":[{"href":"https:\/\/emisoracolon.com.ar\/index.php\/wp-json\/wp\/v2\/types\/post"}],"author":[{"embeddable":true,"href":"https:\/\/emisoracolon.com.ar\/index.php\/wp-json\/wp\/v2\/users\/1"}],"replies":[{"embeddable":true,"href":"https:\/\/emisoracolon.com.ar\/index.php\/wp-json\/wp\/v2\/comments?post=8634"}],"version-history":[{"count":1,"href":"https:\/\/emisoracolon.com.ar\/index.php\/wp-json\/wp\/v2\/posts\/8634\/revisions"}],"predecessor-version":[{"id":8636,"href":"https:\/\/emisoracolon.com.ar\/index.php\/wp-json\/wp\/v2\/posts\/8634\/revisions\/8636"}],"wp:featuredmedia":[{"embeddable":true,"href":"https:\/\/emisoracolon.com.ar\/index.php\/wp-json\/wp\/v2\/media\/8635"}],"wp:attachment":[{"href":"https:\/\/emisoracolon.com.ar\/index.php\/wp-json\/wp\/v2\/media?parent=8634"}],"wp:term":[{"taxonomy":"category","embeddable":true,"href":"https:\/\/emisoracolon.com.ar\/index.php\/wp-json\/wp\/v2\/categories?post=8634"},{"taxonomy":"post_tag","embeddable":true,"href":"https:\/\/emisoracolon.com.ar\/index.php\/wp-json\/wp\/v2\/tags?post=8634"}],"curies":[{"name":"wp","href":"https:\/\/api.w.org\/{rel}","templated":true}]}}