{"id":8623,"date":"2025-10-14T16:30:59","date_gmt":"2025-10-14T19:30:59","guid":{"rendered":"https:\/\/emisoracolon.com.ar\/?p=8623"},"modified":"2025-10-14T16:30:59","modified_gmt":"2025-10-14T19:30:59","slug":"dia-de-la-diversidad-cultural","status":"publish","type":"post","link":"https:\/\/emisoracolon.com.ar\/index.php\/2025\/10\/14\/dia-de-la-diversidad-cultural\/","title":{"rendered":"D\u00eda de la Diversidad Cultural"},"content":{"rendered":"\n<p>Ayer por la tarde tuvo lugar el acto oficial por la conmemoraci\u00f3n del 12 de Octubre en la Escuela Primaria N\u00b01.<\/p>\n\n\n\n<p>El objetivo fue cumplido, estudiantes y docentes recordaron la importancia de reconocer y valorar nuestras ra\u00edces, identidades y culturas.<\/p>\n\n\n\n<p>Cada 12 de octubre, D\u00eda de la Diversidad Cultural, nos invita a reflexionar sobre el encuentro entre pueblos y la construcci\u00f3n de una sociedad m\u00e1s justa, inclusiva y respetuosa.<\/p>\n\n\n\n<p>\u201cLa diversidad nos enriquece, el respeto nos une.\u201d<\/p>\n","protected":false},"excerpt":{"rendered":"<p>Ayer por la tarde tuvo lugar el acto oficial por la conmemoraci\u00f3n del 12 de Octubre en la Escuela Primaria N\u00b01. El objetivo fue cumplido, estudiantes y docentes recordaron la importancia de&#8230;<\/p>\n","protected":false},"author":1,"featured_media":8624,"comment_status":"open","ping_status":"open","sticky":false,"template":"","format":"standard","meta":{"footnotes":""},"categories":[7,3],"tags":[],"class_list":["post-8623","post","type-post","status-publish","format-standard","has-post-thumbnail","hentry","category-cultura","category-general"],"_links":{"self":[{"href":"https:\/\/emisoracolon.com.ar\/index.php\/wp-json\/wp\/v2\/posts\/8623","targetHints":{"allow":["GET"]}}],"collection":[{"href":"https:\/\/emisoracolon.com.ar\/index.php\/wp-json\/wp\/v2\/posts"}],"about":[{"href":"https:\/\/emisoracolon.com.ar\/index.php\/wp-json\/wp\/v2\/types\/post"}],"author":[{"embeddable":true,"href":"https:\/\/emisoracolon.com.ar\/index.php\/wp-json\/wp\/v2\/users\/1"}],"replies":[{"embeddable":true,"href":"https:\/\/emisoracolon.com.ar\/index.php\/wp-json\/wp\/v2\/comments?post=8623"}],"version-history":[{"count":1,"href":"https:\/\/emisoracolon.com.ar\/index.php\/wp-json\/wp\/v2\/posts\/8623\/revisions"}],"predecessor-version":[{"id":8625,"href":"https:\/\/emisoracolon.com.ar\/index.php\/wp-json\/wp\/v2\/posts\/8623\/revisions\/8625"}],"wp:featuredmedia":[{"embeddable":true,"href":"https:\/\/emisoracolon.com.ar\/index.php\/wp-json\/wp\/v2\/media\/8624"}],"wp:attachment":[{"href":"https:\/\/emisoracolon.com.ar\/index.php\/wp-json\/wp\/v2\/media?parent=8623"}],"wp:term":[{"taxonomy":"category","embeddable":true,"href":"https:\/\/emisoracolon.com.ar\/index.php\/wp-json\/wp\/v2\/categories?post=8623"},{"taxonomy":"post_tag","embeddable":true,"href":"https:\/\/emisoracolon.com.ar\/index.php\/wp-json\/wp\/v2\/tags?post=8623"}],"curies":[{"name":"wp","href":"https:\/\/api.w.org\/{rel}","templated":true}]}}