{"id":854,"date":"2024-05-02T18:23:47","date_gmt":"2024-05-02T21:23:47","guid":{"rendered":"https:\/\/emisoracolon.com.ar\/?p=854"},"modified":"2024-05-02T18:23:47","modified_gmt":"2024-05-02T21:23:47","slug":"celebraciones-en-el-polo","status":"publish","type":"post","link":"https:\/\/emisoracolon.com.ar\/index.php\/2024\/05\/02\/celebraciones-en-el-polo\/","title":{"rendered":"Celebraciones en el Polo"},"content":{"rendered":"\n<p>Se celebr\u00f3 ayer el D\u00eda del Trabajador y la Trabajadora, como as\u00ed tambi\u00e9n otro aniversario de la creaci\u00f3n del Polo Cultural.<\/p>\n\n\n\n<p>A pesar de ser un d\u00eda oto\u00f1al, gris y con amenaza de lluvia, la respuesta de los vecinos fue muy buena.<\/p>\n\n\n\n<p>Tras la apertura en el escenario alumnos y alumnas de diversos cursos de danza y m\u00fasica de la Escuela Municipal de Cultura y Bellas Artes dieron muestra de su talento.<\/p>\n\n\n\n<p>La fiesta popular en el Polo Cultural sigui\u00f3 con Chaucha y Palito, Rock and Walsh, Corre Lola y La Gruessonika, y mientras se desarrollan los espect\u00e1culos las artistas pl\u00e1sticas In\u00e9s Lorenzo y Patricia Cura realizan una intervenci\u00f3n art\u00edstica en vivo.<\/p>\n\n\n\n<p>Antes del show principal, el intendente municipal Waldemar Giordano, acompa\u00f1ado de todo el equipo de la Subsecretar\u00eda de Cultura y del vicepresidente del Instituto Cultural, agradeci\u00f3 la presencia de los vecinos y vecinas que colmaron el Polo Cultural y puso en relieve la importancia de cuidar y promover la cultura popular .<\/p>\n\n\n\n<p>Luego vino cierre de Mario Luis, con todos sus \u00e9xitos y los presentes disfrutando.<\/p>\n\n\n\n<p><\/p>\n","protected":false},"excerpt":{"rendered":"<p>Se celebr\u00f3 ayer el D\u00eda del Trabajador y la Trabajadora, como as\u00ed tambi\u00e9n otro aniversario de la creaci\u00f3n del Polo Cultural. A pesar de ser un d\u00eda oto\u00f1al, gris y con amenaza&#8230;<\/p>\n","protected":false},"author":2,"featured_media":855,"comment_status":"open","ping_status":"open","sticky":false,"template":"","format":"standard","meta":{"footnotes":""},"categories":[7,3,5],"tags":[],"class_list":["post-854","post","type-post","status-publish","format-standard","has-post-thumbnail","hentry","category-cultura","category-general","category-politica_local"],"_links":{"self":[{"href":"https:\/\/emisoracolon.com.ar\/index.php\/wp-json\/wp\/v2\/posts\/854","targetHints":{"allow":["GET"]}}],"collection":[{"href":"https:\/\/emisoracolon.com.ar\/index.php\/wp-json\/wp\/v2\/posts"}],"about":[{"href":"https:\/\/emisoracolon.com.ar\/index.php\/wp-json\/wp\/v2\/types\/post"}],"author":[{"embeddable":true,"href":"https:\/\/emisoracolon.com.ar\/index.php\/wp-json\/wp\/v2\/users\/2"}],"replies":[{"embeddable":true,"href":"https:\/\/emisoracolon.com.ar\/index.php\/wp-json\/wp\/v2\/comments?post=854"}],"version-history":[{"count":1,"href":"https:\/\/emisoracolon.com.ar\/index.php\/wp-json\/wp\/v2\/posts\/854\/revisions"}],"predecessor-version":[{"id":856,"href":"https:\/\/emisoracolon.com.ar\/index.php\/wp-json\/wp\/v2\/posts\/854\/revisions\/856"}],"wp:featuredmedia":[{"embeddable":true,"href":"https:\/\/emisoracolon.com.ar\/index.php\/wp-json\/wp\/v2\/media\/855"}],"wp:attachment":[{"href":"https:\/\/emisoracolon.com.ar\/index.php\/wp-json\/wp\/v2\/media?parent=854"}],"wp:term":[{"taxonomy":"category","embeddable":true,"href":"https:\/\/emisoracolon.com.ar\/index.php\/wp-json\/wp\/v2\/categories?post=854"},{"taxonomy":"post_tag","embeddable":true,"href":"https:\/\/emisoracolon.com.ar\/index.php\/wp-json\/wp\/v2\/tags?post=854"}],"curies":[{"name":"wp","href":"https:\/\/api.w.org\/{rel}","templated":true}]}}