{"id":8533,"date":"2025-10-06T16:59:12","date_gmt":"2025-10-06T19:59:12","guid":{"rendered":"https:\/\/emisoracolon.com.ar\/?p=8533"},"modified":"2025-10-06T16:59:12","modified_gmt":"2025-10-06T19:59:12","slug":"colonense-en-feria-del-libro-en-chaco","status":"publish","type":"post","link":"https:\/\/emisoracolon.com.ar\/index.php\/2025\/10\/06\/colonense-en-feria-del-libro-en-chaco\/","title":{"rendered":"Colonense en Feria del Libro en Chaco"},"content":{"rendered":"\n<p><strong>Colonense en Feria del Libro en Chaco<\/strong><\/p>\n\n\n\n<p>La colonense Carina Sabione presenta su libro en la Feria Latinoamericana del Libro del Chaco<\/p>\n\n\n\n<p>Del 2 al 12 de octubre se desarrolla la Feria Latinoamericana del Libro del Chaco 2025, y entre los autores participantes se encuentra la colonense Carina Beatriz Sabione, quien expone su obra \u201cVen\u00ed que te cuento\u201d, editada por Editorial Dunken. El libro se exhibe, junto al resto de las producciones, en el Domo del Centenario, sede principal del evento.<\/p>\n\n\n\n<p>El destacado trabajo de Sabione re\u00fane relatos rom\u00e1nticos, de aventuras y realistas, en los que se reflejan los conflictos que atraviesan las personas en el contexto actual. En cada historia prevalecen valores como el amor, la amistad, la superaci\u00f3n, la solidaridad, la construcci\u00f3n familiar y la valoraci\u00f3n de lo que uno es y tiene.<\/p>\n\n\n\n<p>A pesar de las situaciones dif\u00edciles que enfrentan los personajes, sus finales son esperanzadores, transmitiendo mensajes que invitan a reflexionar sobre el sentido de la vida, narrados en un lenguaje coloquial y cercano.<\/p>\n\n\n\n<p>La feria, que combina el esfuerzo de entidades p\u00fablicas y privadas, tiene como prop\u00f3sito promover la lectura, difundir la producci\u00f3n literaria y fortalecer la identidad cultural del Chaco. Adem\u00e1s, busca impulsar la industria del libro en toda su cadena de valor \u2014autores, correctores, dise\u00f1adores, editoriales, librer\u00edas y distribuidores\u2014 e integrar la participaci\u00f3n de emprendedores y artesanos que aportan creatividad a la vida cultural de la comunidad.<\/p>\n\n\n\n<p>Este importante acontecimiento cuenta tambi\u00e9n con la presencia de reconocidos escritores como Gabriela Exilar, quien presenta su reciente obra \u201cEl secreto de Azucena\u201d; Daniel Balmaceda, con \u201cEl crimen de A\u00f1o Nuevo\u201d; y Eduardo Sacheri, autor de \u201cDemasiado lejos\u201d.<\/p>\n\n\n\n<p>La colonense Carina Sabione presenta su libro en la Feria Latinoamericana del Libro del Chaco<\/p>\n\n\n\n<p>Del 2 al 12 de octubre se desarrolla la Feria Latinoamericana del Libro del Chaco 2025, y entre los autores participantes se encuentra la colonense Carina Beatriz Sabione, quien expone su obra \u201cVen\u00ed que te cuento\u201d, editada por Editorial Dunken. El libro se exhibe, junto al resto de las producciones, en el Domo del Centenario, sede principal del evento.<\/p>\n\n\n\n<p>El destacado trabajo de Sabione re\u00fane relatos rom\u00e1nticos, de aventuras y realistas, en los que se reflejan los conflictos que atraviesan las personas en el contexto actual. En cada historia prevalecen valores como el amor, la amistad, la superaci\u00f3n, la solidaridad, la construcci\u00f3n familiar y la valoraci\u00f3n de lo que uno es y tiene.<\/p>\n\n\n\n<p>A pesar de las situaciones dif\u00edciles que enfrentan los personajes, sus finales son esperanzadores, transmitiendo mensajes que invitan a reflexionar sobre el sentido de la vida, narrados en un lenguaje coloquial y cercano.<\/p>\n\n\n\n<p>La feria, que combina el esfuerzo de entidades p\u00fablicas y privadas, tiene como prop\u00f3sito promover la lectura, difundir la producci\u00f3n literaria y fortalecer la identidad cultural del Chaco. Adem\u00e1s, busca impulsar la industria del libro en toda su cadena de valor \u2014autores, correctores, dise\u00f1adores, editoriales, librer\u00edas y distribuidores\u2014 e integrar la participaci\u00f3n de emprendedores y artesanos que aportan creatividad a la vida cultural de la comunidad.<\/p>\n\n\n\n<p>Este importante acontecimiento cuenta tambi\u00e9n con la presencia de reconocidos escritores como Gabriela Exilar, quien presenta su reciente obra \u201cEl secreto de Azucena\u201d; Daniel Balmaceda, con \u201cEl crimen de A\u00f1o Nuevo\u201d; y Eduardo Sacheri, autor de \u201cDemasiado lejos\u201d.<\/p>\n","protected":false},"excerpt":{"rendered":"<p>Colonense en Feria del Libro en Chaco La colonense Carina Sabione presenta su libro en la Feria Latinoamericana del Libro del Chaco Del 2 al 12 de octubre se desarrolla la Feria&#8230;<\/p>\n","protected":false},"author":1,"featured_media":8534,"comment_status":"open","ping_status":"open","sticky":false,"template":"","format":"standard","meta":{"footnotes":""},"categories":[7,3],"tags":[],"class_list":["post-8533","post","type-post","status-publish","format-standard","has-post-thumbnail","hentry","category-cultura","category-general"],"_links":{"self":[{"href":"https:\/\/emisoracolon.com.ar\/index.php\/wp-json\/wp\/v2\/posts\/8533","targetHints":{"allow":["GET"]}}],"collection":[{"href":"https:\/\/emisoracolon.com.ar\/index.php\/wp-json\/wp\/v2\/posts"}],"about":[{"href":"https:\/\/emisoracolon.com.ar\/index.php\/wp-json\/wp\/v2\/types\/post"}],"author":[{"embeddable":true,"href":"https:\/\/emisoracolon.com.ar\/index.php\/wp-json\/wp\/v2\/users\/1"}],"replies":[{"embeddable":true,"href":"https:\/\/emisoracolon.com.ar\/index.php\/wp-json\/wp\/v2\/comments?post=8533"}],"version-history":[{"count":1,"href":"https:\/\/emisoracolon.com.ar\/index.php\/wp-json\/wp\/v2\/posts\/8533\/revisions"}],"predecessor-version":[{"id":8535,"href":"https:\/\/emisoracolon.com.ar\/index.php\/wp-json\/wp\/v2\/posts\/8533\/revisions\/8535"}],"wp:featuredmedia":[{"embeddable":true,"href":"https:\/\/emisoracolon.com.ar\/index.php\/wp-json\/wp\/v2\/media\/8534"}],"wp:attachment":[{"href":"https:\/\/emisoracolon.com.ar\/index.php\/wp-json\/wp\/v2\/media?parent=8533"}],"wp:term":[{"taxonomy":"category","embeddable":true,"href":"https:\/\/emisoracolon.com.ar\/index.php\/wp-json\/wp\/v2\/categories?post=8533"},{"taxonomy":"post_tag","embeddable":true,"href":"https:\/\/emisoracolon.com.ar\/index.php\/wp-json\/wp\/v2\/tags?post=8533"}],"curies":[{"name":"wp","href":"https:\/\/api.w.org\/{rel}","templated":true}]}}