{"id":8490,"date":"2025-10-02T16:52:03","date_gmt":"2025-10-02T19:52:03","guid":{"rendered":"https:\/\/emisoracolon.com.ar\/?p=8490"},"modified":"2025-10-02T16:52:03","modified_gmt":"2025-10-02T19:52:03","slug":"remodelacion-en-la-sede-de-estrellas-amarillas","status":"publish","type":"post","link":"https:\/\/emisoracolon.com.ar\/index.php\/2025\/10\/02\/remodelacion-en-la-sede-de-estrellas-amarillas\/","title":{"rendered":"Remodelaci\u00f3n en la sede de Estrellas Amarillas"},"content":{"rendered":"\n<p>La agrupaci\u00f3n Estrellas Amarillas de nuestra ciudad present\u00f3 mejoras en su sede y comparti\u00f3 p\u00fablicamente su agradecimiento hacia todas las personas e instituciones que colaboraron para concretar el objetivo.<\/p>\n\n\n\n<p>\u201cQueremos expresar nuestro m\u00e1s profundo agradecimiento a todas las personas que hicieron posible que nuestra sede hoy luzca en condiciones\u201d, expresaron en un mensaje acompa\u00f1ado de una fotograf\u00eda del renovado espacio.<\/p>\n\n\n\n<p>En primer lugar destacaron la colaboraci\u00f3n y compromiso de Leonel P\u00e9rez, as\u00ed como el apoyo constante de los propios integrantes de Estrellas Amarillas.<\/p>\n\n\n\n<p>De manera especial, mencionaron a las trabajadoras de la cocina del Hospital Municipal \u2014Yanina Medina, Gabriela Salcedo y Luc\u00eda Leiva (tambi\u00e9n integrante del grupo)\u2014 quienes se acercaron voluntariamente para brindar su ayuda.<\/p>\n\n\n\n<p>Finalmente, extendieron su reconocimiento a la Municipalidad de Col\u00f3n, que aport\u00f3 la pintura necesaria para concretar la remodelaci\u00f3n.<\/p>\n\n\n\n<p>\u201cA todos, much\u00edsimas gracias\u201d, concluye el comunicado.<\/p>\n","protected":false},"excerpt":{"rendered":"<p>La agrupaci\u00f3n Estrellas Amarillas de nuestra ciudad present\u00f3 mejoras en su sede y comparti\u00f3 p\u00fablicamente su agradecimiento hacia todas las personas e instituciones que colaboraron para concretar el objetivo. \u201cQueremos expresar nuestro&#8230;<\/p>\n","protected":false},"author":1,"featured_media":4501,"comment_status":"open","ping_status":"open","sticky":false,"template":"","format":"standard","meta":{"footnotes":""},"categories":[3],"tags":[],"class_list":["post-8490","post","type-post","status-publish","format-standard","has-post-thumbnail","hentry","category-general"],"_links":{"self":[{"href":"https:\/\/emisoracolon.com.ar\/index.php\/wp-json\/wp\/v2\/posts\/8490","targetHints":{"allow":["GET"]}}],"collection":[{"href":"https:\/\/emisoracolon.com.ar\/index.php\/wp-json\/wp\/v2\/posts"}],"about":[{"href":"https:\/\/emisoracolon.com.ar\/index.php\/wp-json\/wp\/v2\/types\/post"}],"author":[{"embeddable":true,"href":"https:\/\/emisoracolon.com.ar\/index.php\/wp-json\/wp\/v2\/users\/1"}],"replies":[{"embeddable":true,"href":"https:\/\/emisoracolon.com.ar\/index.php\/wp-json\/wp\/v2\/comments?post=8490"}],"version-history":[{"count":1,"href":"https:\/\/emisoracolon.com.ar\/index.php\/wp-json\/wp\/v2\/posts\/8490\/revisions"}],"predecessor-version":[{"id":8491,"href":"https:\/\/emisoracolon.com.ar\/index.php\/wp-json\/wp\/v2\/posts\/8490\/revisions\/8491"}],"wp:featuredmedia":[{"embeddable":true,"href":"https:\/\/emisoracolon.com.ar\/index.php\/wp-json\/wp\/v2\/media\/4501"}],"wp:attachment":[{"href":"https:\/\/emisoracolon.com.ar\/index.php\/wp-json\/wp\/v2\/media?parent=8490"}],"wp:term":[{"taxonomy":"category","embeddable":true,"href":"https:\/\/emisoracolon.com.ar\/index.php\/wp-json\/wp\/v2\/categories?post=8490"},{"taxonomy":"post_tag","embeddable":true,"href":"https:\/\/emisoracolon.com.ar\/index.php\/wp-json\/wp\/v2\/tags?post=8490"}],"curies":[{"name":"wp","href":"https:\/\/api.w.org\/{rel}","templated":true}]}}