{"id":8487,"date":"2025-10-02T16:51:36","date_gmt":"2025-10-02T19:51:36","guid":{"rendered":"https:\/\/emisoracolon.com.ar\/?p=8487"},"modified":"2025-10-02T16:51:36","modified_gmt":"2025-10-02T19:51:36","slug":"asamblea-jubilados-docentes","status":"publish","type":"post","link":"https:\/\/emisoracolon.com.ar\/index.php\/2025\/10\/02\/asamblea-jubilados-docentes\/","title":{"rendered":"Asamblea jubilados docentes"},"content":{"rendered":"\n<p>La Asociaci\u00f3n Docentes Jubiladas llevar\u00e1 a cabo su asamblea general ordinaria. Ser\u00e1 en el local de calle 47 entre 15 y 16, el pr\u00f3ximo 15 de octubre a las 18:30.<\/p>\n\n\n\n<p>Tras las cuestiones propias de las asambleas, se pondr\u00e1 a consideraci\u00f3n la Memoria y el Balance General y a continuaci\u00f3n se proceder\u00e1 a la renovaci\u00f3n de la Comisi\u00f3n Directiva por finalizaci\u00f3n de mandato. Por el t\u00e9rmino de dos a\u00f1os elegir\u00e1n un presidente, secretario, secretario de actas, tesorero, dos vocales titulares y dos suplentes. Finalmente, elegir\u00e1n revisores de cuentas por el t\u00e9rmino de un a\u00f1o.<\/p>\n","protected":false},"excerpt":{"rendered":"<p>La Asociaci\u00f3n Docentes Jubiladas llevar\u00e1 a cabo su asamblea general ordinaria. Ser\u00e1 en el local de calle 47 entre 15 y 16, el pr\u00f3ximo 15 de octubre a las 18:30. Tras las&#8230;<\/p>\n","protected":false},"author":1,"featured_media":8488,"comment_status":"open","ping_status":"open","sticky":false,"template":"","format":"standard","meta":{"footnotes":""},"categories":[3],"tags":[],"class_list":["post-8487","post","type-post","status-publish","format-standard","has-post-thumbnail","hentry","category-general"],"_links":{"self":[{"href":"https:\/\/emisoracolon.com.ar\/index.php\/wp-json\/wp\/v2\/posts\/8487","targetHints":{"allow":["GET"]}}],"collection":[{"href":"https:\/\/emisoracolon.com.ar\/index.php\/wp-json\/wp\/v2\/posts"}],"about":[{"href":"https:\/\/emisoracolon.com.ar\/index.php\/wp-json\/wp\/v2\/types\/post"}],"author":[{"embeddable":true,"href":"https:\/\/emisoracolon.com.ar\/index.php\/wp-json\/wp\/v2\/users\/1"}],"replies":[{"embeddable":true,"href":"https:\/\/emisoracolon.com.ar\/index.php\/wp-json\/wp\/v2\/comments?post=8487"}],"version-history":[{"count":1,"href":"https:\/\/emisoracolon.com.ar\/index.php\/wp-json\/wp\/v2\/posts\/8487\/revisions"}],"predecessor-version":[{"id":8489,"href":"https:\/\/emisoracolon.com.ar\/index.php\/wp-json\/wp\/v2\/posts\/8487\/revisions\/8489"}],"wp:featuredmedia":[{"embeddable":true,"href":"https:\/\/emisoracolon.com.ar\/index.php\/wp-json\/wp\/v2\/media\/8488"}],"wp:attachment":[{"href":"https:\/\/emisoracolon.com.ar\/index.php\/wp-json\/wp\/v2\/media?parent=8487"}],"wp:term":[{"taxonomy":"category","embeddable":true,"href":"https:\/\/emisoracolon.com.ar\/index.php\/wp-json\/wp\/v2\/categories?post=8487"},{"taxonomy":"post_tag","embeddable":true,"href":"https:\/\/emisoracolon.com.ar\/index.php\/wp-json\/wp\/v2\/tags?post=8487"}],"curies":[{"name":"wp","href":"https:\/\/api.w.org\/{rel}","templated":true}]}}