{"id":8462,"date":"2025-09-30T16:30:42","date_gmt":"2025-09-30T19:30:42","guid":{"rendered":"https:\/\/emisoracolon.com.ar\/?p=8462"},"modified":"2025-09-30T16:30:42","modified_gmt":"2025-09-30T19:30:42","slug":"en-pergamino-caceres-de-punta-a-punta","status":"publish","type":"post","link":"https:\/\/emisoracolon.com.ar\/index.php\/2025\/09\/30\/en-pergamino-caceres-de-punta-a-punta\/","title":{"rendered":"En Pergamino C\u00e1ceres de punta a punta"},"content":{"rendered":"\n<p>El atleta colonense, Orestes C\u00e1ceres gan\u00f3 el pasado domingo por la ma\u00f1ana la 22a Medio Marat\u00f3n La Merced Pergamino, organizado por la Asociaci\u00f3n Atl\u00e9tica Pergamino (AAP). La prueba de atletismo reuni\u00f3 a m\u00e1s de 500 participantes en sus tres distancias (21K, 10K y 3K solidarios), y marc\u00f3 un nuevo hito al mudar su epicentro al Parque Espa\u00f1a, con largada y llegada en avenida Alsina y Moreno.<\/p>\n\n\n\n<p>C\u00e1ceres domin\u00f3 la prueba principal de 21.097,5 metros desde el inicio hasta la llegada, imponi\u00e9ndose con un tiempo de 1h. 13m. 58s. Detr\u00e1s suyo llegaron el experimentado Nicol\u00e1s Ternavasio -santafesino de San Vicente, radicado en Pergamino- cruz\u00f3 la meta en 1h. 15m. 26s., quien ostenta la mejor marca hist\u00f3rica del Medio Marat\u00f3n, registrada en 2011 (1h. 07m. 45s.) y luego de 14 a\u00f1os volvi\u00f3 a ser parte de esta competencia con una destacada actuaci\u00f3n que lo llev\u00f3 al segundo lugar del podio.<\/p>\n\n\n\n<p>El tercer lugar fue para el local Luciano Dragi, ganador en 2023 y actual poseedor del r\u00e9cord pergaminense de marat\u00f3n, que cerr\u00f3 su participaci\u00f3n con 1h. 15m. 40s., siendo adem\u00e1s el mejor pergaminense clasificado.<\/p>\n\n\n\n<p>En la rama femenina, la victoria qued\u00f3 en manos de Estefan\u00eda Conejera, oriunda de 9 de Julio, quien cruz\u00f3 la meta en 1h. 33m. 49s., marcando el ritmo entre las mujeres desde la largada. Segunda fue la pergaminense Mariela Delmas, entrenadora del grupo H\u00e1bito Run, con 1h. 41m. 25s., y tercera la juninense Ver\u00f3nica Quiroga (1h. 44m. 28s.).<\/p>\n","protected":false},"excerpt":{"rendered":"<p>El atleta colonense, Orestes C\u00e1ceres gan\u00f3 el pasado domingo por la ma\u00f1ana la 22a Medio Marat\u00f3n La Merced Pergamino, organizado por la Asociaci\u00f3n Atl\u00e9tica Pergamino (AAP). La prueba de atletismo reuni\u00f3 a&#8230;<\/p>\n","protected":false},"author":1,"featured_media":8463,"comment_status":"open","ping_status":"open","sticky":false,"template":"","format":"standard","meta":{"footnotes":""},"categories":[6],"tags":[],"class_list":["post-8462","post","type-post","status-publish","format-standard","has-post-thumbnail","hentry","category-deportes"],"_links":{"self":[{"href":"https:\/\/emisoracolon.com.ar\/index.php\/wp-json\/wp\/v2\/posts\/8462","targetHints":{"allow":["GET"]}}],"collection":[{"href":"https:\/\/emisoracolon.com.ar\/index.php\/wp-json\/wp\/v2\/posts"}],"about":[{"href":"https:\/\/emisoracolon.com.ar\/index.php\/wp-json\/wp\/v2\/types\/post"}],"author":[{"embeddable":true,"href":"https:\/\/emisoracolon.com.ar\/index.php\/wp-json\/wp\/v2\/users\/1"}],"replies":[{"embeddable":true,"href":"https:\/\/emisoracolon.com.ar\/index.php\/wp-json\/wp\/v2\/comments?post=8462"}],"version-history":[{"count":1,"href":"https:\/\/emisoracolon.com.ar\/index.php\/wp-json\/wp\/v2\/posts\/8462\/revisions"}],"predecessor-version":[{"id":8464,"href":"https:\/\/emisoracolon.com.ar\/index.php\/wp-json\/wp\/v2\/posts\/8462\/revisions\/8464"}],"wp:featuredmedia":[{"embeddable":true,"href":"https:\/\/emisoracolon.com.ar\/index.php\/wp-json\/wp\/v2\/media\/8463"}],"wp:attachment":[{"href":"https:\/\/emisoracolon.com.ar\/index.php\/wp-json\/wp\/v2\/media?parent=8462"}],"wp:term":[{"taxonomy":"category","embeddable":true,"href":"https:\/\/emisoracolon.com.ar\/index.php\/wp-json\/wp\/v2\/categories?post=8462"},{"taxonomy":"post_tag","embeddable":true,"href":"https:\/\/emisoracolon.com.ar\/index.php\/wp-json\/wp\/v2\/tags?post=8462"}],"curies":[{"name":"wp","href":"https:\/\/api.w.org\/{rel}","templated":true}]}}