{"id":8460,"date":"2025-09-30T16:25:36","date_gmt":"2025-09-30T19:25:36","guid":{"rendered":"https:\/\/emisoracolon.com.ar\/?p=8460"},"modified":"2025-09-30T16:25:36","modified_gmt":"2025-09-30T19:25:36","slug":"trata-de-personas-y-explotacion","status":"publish","type":"post","link":"https:\/\/emisoracolon.com.ar\/index.php\/2025\/09\/30\/trata-de-personas-y-explotacion\/","title":{"rendered":"Trata de Personas y Explotaci\u00f3n"},"content":{"rendered":"\n<p>Desde la Direcci\u00f3n de G\u00e9nero del Municipio de Col\u00f3n invitan a toda la comunidad a participar de la Jornada de Sensibilizaci\u00f3n sobre Trata de Personas y Explotaci\u00f3n, a cargo de Gustavo Vera.<\/p>\n\n\n\n<p>Ser\u00e1 ma\u00f1ana de 12:00 a 14:00 en el Polo Cultural.<\/p>\n\n\n\n<p>Una oportunidad para informarnos y comprometernos en la prevenci\u00f3n y erradicaci\u00f3n de esta grave problem\u00e1tica.<\/p>\n","protected":false},"excerpt":{"rendered":"<p>Desde la Direcci\u00f3n de G\u00e9nero del Municipio de Col\u00f3n invitan a toda la comunidad a participar de la Jornada de Sensibilizaci\u00f3n sobre Trata de Personas y Explotaci\u00f3n, a cargo de Gustavo Vera&#8230;.<\/p>\n","protected":false},"author":1,"featured_media":8427,"comment_status":"open","ping_status":"open","sticky":false,"template":"","format":"standard","meta":{"footnotes":""},"categories":[3],"tags":[],"class_list":["post-8460","post","type-post","status-publish","format-standard","has-post-thumbnail","hentry","category-general"],"_links":{"self":[{"href":"https:\/\/emisoracolon.com.ar\/index.php\/wp-json\/wp\/v2\/posts\/8460","targetHints":{"allow":["GET"]}}],"collection":[{"href":"https:\/\/emisoracolon.com.ar\/index.php\/wp-json\/wp\/v2\/posts"}],"about":[{"href":"https:\/\/emisoracolon.com.ar\/index.php\/wp-json\/wp\/v2\/types\/post"}],"author":[{"embeddable":true,"href":"https:\/\/emisoracolon.com.ar\/index.php\/wp-json\/wp\/v2\/users\/1"}],"replies":[{"embeddable":true,"href":"https:\/\/emisoracolon.com.ar\/index.php\/wp-json\/wp\/v2\/comments?post=8460"}],"version-history":[{"count":1,"href":"https:\/\/emisoracolon.com.ar\/index.php\/wp-json\/wp\/v2\/posts\/8460\/revisions"}],"predecessor-version":[{"id":8461,"href":"https:\/\/emisoracolon.com.ar\/index.php\/wp-json\/wp\/v2\/posts\/8460\/revisions\/8461"}],"wp:featuredmedia":[{"embeddable":true,"href":"https:\/\/emisoracolon.com.ar\/index.php\/wp-json\/wp\/v2\/media\/8427"}],"wp:attachment":[{"href":"https:\/\/emisoracolon.com.ar\/index.php\/wp-json\/wp\/v2\/media?parent=8460"}],"wp:term":[{"taxonomy":"category","embeddable":true,"href":"https:\/\/emisoracolon.com.ar\/index.php\/wp-json\/wp\/v2\/categories?post=8460"},{"taxonomy":"post_tag","embeddable":true,"href":"https:\/\/emisoracolon.com.ar\/index.php\/wp-json\/wp\/v2\/tags?post=8460"}],"curies":[{"name":"wp","href":"https:\/\/api.w.org\/{rel}","templated":true}]}}