{"id":8458,"date":"2025-09-30T16:25:07","date_gmt":"2025-09-30T19:25:07","guid":{"rendered":"https:\/\/emisoracolon.com.ar\/?p=8458"},"modified":"2025-09-30T16:25:07","modified_gmt":"2025-09-30T19:25:07","slug":"huellitas-colon-te-invita-a-vacunar-tu-mascota","status":"publish","type":"post","link":"https:\/\/emisoracolon.com.ar\/index.php\/2025\/09\/30\/huellitas-colon-te-invita-a-vacunar-tu-mascota\/","title":{"rendered":"Huellitas Col\u00f3n te invita a vacunar tu mascota."},"content":{"rendered":"\n<p>Este mi\u00e9rcoles 1\u00b0 de octubre a las 14:00, realizar\u00e1n una jornada de vacunaci\u00f3n antirr\u00e1bica gratuita en en Lago Municipal.<\/p>\n\n\n\n<p>No hace falta turno previo.<\/p>\n\n\n\n<p>Desde el programa Huellitas se\u00f1alan que la vacunaci\u00f3n es fundamental para proteger a perros, gatos y tambi\u00e9n a toda la comunidad. \u201cSeguimos impulsando acciones de cuidado, prevenci\u00f3n y concientizaci\u00f3n para que cada animalito de nuestra ciudad reciba la atenci\u00f3n que merece\u201d<\/p>\n\n\n\n<p>Acercate con tu mascota y sumate a esta jornada.<\/p>\n","protected":false},"excerpt":{"rendered":"<p>Este mi\u00e9rcoles 1\u00b0 de octubre a las 14:00, realizar\u00e1n una jornada de vacunaci\u00f3n antirr\u00e1bica gratuita en en Lago Municipal. No hace falta turno previo. Desde el programa Huellitas se\u00f1alan que la vacunaci\u00f3n&#8230;<\/p>\n","protected":false},"author":1,"featured_media":7862,"comment_status":"open","ping_status":"open","sticky":false,"template":"","format":"standard","meta":{"footnotes":""},"categories":[3],"tags":[],"class_list":["post-8458","post","type-post","status-publish","format-standard","has-post-thumbnail","hentry","category-general"],"_links":{"self":[{"href":"https:\/\/emisoracolon.com.ar\/index.php\/wp-json\/wp\/v2\/posts\/8458","targetHints":{"allow":["GET"]}}],"collection":[{"href":"https:\/\/emisoracolon.com.ar\/index.php\/wp-json\/wp\/v2\/posts"}],"about":[{"href":"https:\/\/emisoracolon.com.ar\/index.php\/wp-json\/wp\/v2\/types\/post"}],"author":[{"embeddable":true,"href":"https:\/\/emisoracolon.com.ar\/index.php\/wp-json\/wp\/v2\/users\/1"}],"replies":[{"embeddable":true,"href":"https:\/\/emisoracolon.com.ar\/index.php\/wp-json\/wp\/v2\/comments?post=8458"}],"version-history":[{"count":1,"href":"https:\/\/emisoracolon.com.ar\/index.php\/wp-json\/wp\/v2\/posts\/8458\/revisions"}],"predecessor-version":[{"id":8459,"href":"https:\/\/emisoracolon.com.ar\/index.php\/wp-json\/wp\/v2\/posts\/8458\/revisions\/8459"}],"wp:featuredmedia":[{"embeddable":true,"href":"https:\/\/emisoracolon.com.ar\/index.php\/wp-json\/wp\/v2\/media\/7862"}],"wp:attachment":[{"href":"https:\/\/emisoracolon.com.ar\/index.php\/wp-json\/wp\/v2\/media?parent=8458"}],"wp:term":[{"taxonomy":"category","embeddable":true,"href":"https:\/\/emisoracolon.com.ar\/index.php\/wp-json\/wp\/v2\/categories?post=8458"},{"taxonomy":"post_tag","embeddable":true,"href":"https:\/\/emisoracolon.com.ar\/index.php\/wp-json\/wp\/v2\/tags?post=8458"}],"curies":[{"name":"wp","href":"https:\/\/api.w.org\/{rel}","templated":true}]}}