{"id":8456,"date":"2025-09-30T16:24:32","date_gmt":"2025-09-30T19:24:32","guid":{"rendered":"https:\/\/emisoracolon.com.ar\/?p=8456"},"modified":"2025-09-30T16:24:32","modified_gmt":"2025-09-30T19:24:32","slug":"sesion-extraordinaria-del-concejo-deliberante-2","status":"publish","type":"post","link":"https:\/\/emisoracolon.com.ar\/index.php\/2025\/09\/30\/sesion-extraordinaria-del-concejo-deliberante-2\/","title":{"rendered":"Sesi\u00f3n extraordinaria del Concejo Deliberante"},"content":{"rendered":"\n<p>En la jornada de ayer, el Concejo Deliberante de Col\u00f3n aprob\u00f3 por mayor\u00eda la transferencia del inmueble donde funciona el Jard\u00edn Maternal Personitas a la Direcci\u00f3n General de Cultura y Educaci\u00f3n de la Provincia de Buenos Aires.<\/p>\n\n\n\n<p>La decisi\u00f3n se tom\u00f3 a partir de una nota elevada por la Comisi\u00f3n de Apoyo al Menor, en la que solicitaron la provincializaci\u00f3n del jard\u00edn, creado por la propia instituci\u00f3n. Para concretar el tr\u00e1mite, era necesario que la Municipalidad cediera el inmueble a la \u00f3rbita provincial, competencia que deb\u00eda ser tratada y resuelta por el cuerpo deliberativo.<\/p>\n\n\n\n<p>En una reuni\u00f3n extraordinaria celebrada al mediod\u00eda, los concejales dieron el visto bueno a la cesi\u00f3n, estableciendo que el edificio deber\u00e1 destinarse exclusivamente al funcionamiento de un Jard\u00edn Maternal. Adem\u00e1s, se fij\u00f3 una cl\u00e1usula de reversi\u00f3n: si en un plazo de cinco a\u00f1os desde la sanci\u00f3n de la Ordenanza no se concreta oficialmente la creaci\u00f3n del servicio educativo provincial, el inmueble volver\u00e1 a dominio municipal.<\/p>\n\n\n\n<p>La votaci\u00f3n no fue un\u00e1nime. El concejal Marcelo Villa se expres\u00f3 en contra, argumentando que la transferencia significa entregar a la Provincia un bien que se obtuvo gracias al esfuerzo de la comunidad colonense.<\/p>\n\n\n\n<p><strong>Posturas en el Concejo por la provincializaci\u00f3n de Personitas<\/strong><\/p>\n\n\n\n<p>Durante el debate, la concejala Roc\u00edo Mart\u00ednez reconoci\u00f3 que se trataba de un tema \u201campliamente debatido\u201d debido al cari\u00f1o y la importancia que Personitas tiene en la comunidad colonense. Destac\u00f3 que la Comisi\u00f3n de Apoyo al Menor fue la que present\u00f3 la iniciativa, convencida de la necesidad de que el jard\u00edn dependa de la Direcci\u00f3n General de Cultura y Educaci\u00f3n para fortalecer la atenci\u00f3n a la primera infancia.<\/p>\n\n\n\n<p>\u201cEste paso es importante para reforzar la contenci\u00f3n de la primera infancia y por eso acompa\u00f1amos este expediente. Hay 31 jardines de este tipo en la Provincia y pretendemos que Col\u00f3n tenga uno m\u00e1s\u201d, expres\u00f3 Mart\u00ednez, subrayando adem\u00e1s la posibilidad de generar entre 10 y 11 puestos docentes. Consider\u00f3 que se trata de una pol\u00edtica p\u00fablica que permitir\u00e1 acompa\u00f1ar a las familias, a los sectores m\u00e1s vulnerables y proyectar el Col\u00f3n del ma\u00f1ana.<\/p>\n\n\n\n<p>Por su parte, el concejal Marcelo Villa, \u00fanico voto negativo, expuso un extenso alegato en defensa del municipalismo y en contra de ceder el inmueble a la \u00f3rbita provincial. Record\u00f3 que Personitas fue creado en 1993 por iniciativa de la Comisi\u00f3n de Apoyo al Menor y la Familia junto al Municipio, y sostuvo que \u201cse est\u00e1 regalando a la Provincia un terreno, un edificio y una instituci\u00f3n construida con el esfuerzo del pueblo de Col\u00f3n\u201d.<\/p>\n\n\n\n<p>Villa plante\u00f3 que provincializar significa \u201cperder el control directo sobre las decisiones pedag\u00f3gicas y administrativas\u201d y que la burocracia provincial podr\u00eda afectar el funcionamiento de la instituci\u00f3n, que hasta ahora demostr\u00f3 eficacia en la gesti\u00f3n local. Se\u00f1al\u00f3 adem\u00e1s que el municipio podr\u00eda generar los puestos de trabajo que se mencionan y reorganizar su presupuesto sin necesidad de transferir la instituci\u00f3n.<\/p>\n\n\n\n<p>\u201cEl jard\u00edn maternal no es un gasto, es una inversi\u00f3n. Provincializar es desligarse de responsabilidades indelegables del Municipio. Nuestro desaf\u00edo debe ser sostener instituciones propias, cercanas a las familias y con autonom\u00eda local\u201d, concluy\u00f3 Villa, reafirmando su voto negativo.<\/p>\n","protected":false},"excerpt":{"rendered":"<p>En la jornada de ayer, el Concejo Deliberante de Col\u00f3n aprob\u00f3 por mayor\u00eda la transferencia del inmueble donde funciona el Jard\u00edn Maternal Personitas a la Direcci\u00f3n General de Cultura y Educaci\u00f3n de&#8230;<\/p>\n","protected":false},"author":1,"featured_media":371,"comment_status":"open","ping_status":"open","sticky":false,"template":"","format":"standard","meta":{"footnotes":""},"categories":[3],"tags":[],"class_list":["post-8456","post","type-post","status-publish","format-standard","has-post-thumbnail","hentry","category-general"],"_links":{"self":[{"href":"https:\/\/emisoracolon.com.ar\/index.php\/wp-json\/wp\/v2\/posts\/8456","targetHints":{"allow":["GET"]}}],"collection":[{"href":"https:\/\/emisoracolon.com.ar\/index.php\/wp-json\/wp\/v2\/posts"}],"about":[{"href":"https:\/\/emisoracolon.com.ar\/index.php\/wp-json\/wp\/v2\/types\/post"}],"author":[{"embeddable":true,"href":"https:\/\/emisoracolon.com.ar\/index.php\/wp-json\/wp\/v2\/users\/1"}],"replies":[{"embeddable":true,"href":"https:\/\/emisoracolon.com.ar\/index.php\/wp-json\/wp\/v2\/comments?post=8456"}],"version-history":[{"count":1,"href":"https:\/\/emisoracolon.com.ar\/index.php\/wp-json\/wp\/v2\/posts\/8456\/revisions"}],"predecessor-version":[{"id":8457,"href":"https:\/\/emisoracolon.com.ar\/index.php\/wp-json\/wp\/v2\/posts\/8456\/revisions\/8457"}],"wp:featuredmedia":[{"embeddable":true,"href":"https:\/\/emisoracolon.com.ar\/index.php\/wp-json\/wp\/v2\/media\/371"}],"wp:attachment":[{"href":"https:\/\/emisoracolon.com.ar\/index.php\/wp-json\/wp\/v2\/media?parent=8456"}],"wp:term":[{"taxonomy":"category","embeddable":true,"href":"https:\/\/emisoracolon.com.ar\/index.php\/wp-json\/wp\/v2\/categories?post=8456"},{"taxonomy":"post_tag","embeddable":true,"href":"https:\/\/emisoracolon.com.ar\/index.php\/wp-json\/wp\/v2\/tags?post=8456"}],"curies":[{"name":"wp","href":"https:\/\/api.w.org\/{rel}","templated":true}]}}