{"id":8451,"date":"2025-09-30T15:53:13","date_gmt":"2025-09-30T18:53:13","guid":{"rendered":"https:\/\/emisoracolon.com.ar\/?p=8451"},"modified":"2025-09-30T15:53:13","modified_gmt":"2025-09-30T18:53:13","slug":"corte-de-energia-electrica-5","status":"publish","type":"post","link":"https:\/\/emisoracolon.com.ar\/index.php\/2025\/09\/30\/corte-de-energia-electrica-5\/","title":{"rendered":"Corte de energ\u00eda el\u00e9ctrica"},"content":{"rendered":"\n<p>Ma\u00f1ana habr\u00e1 un corte de energ\u00eda el\u00e9ctrica en el barrio Las Lilas.<\/p>\n\n\n\n<p>Por tareas de <strong>reforma de la l\u00ednea y mejoras en el servicio<\/strong>, se interrumpir\u00e1 el suministro de energ\u00eda el\u00e9ctrica de 06:30 a 10:30.<\/p>\n\n\n\n<p>La zona de corte en barrio Las Lilas comprende un sector que va desde calles 36 a 40 de calles 9 a 13<\/p>\n\n\n\n<p>Los trabajos a realizar son reformas en la l\u00ednea de media tensi\u00f3n y construcci\u00f3n de un anillo con segundo alimentador.<\/p>\n","protected":false},"excerpt":{"rendered":"<p>Ma\u00f1ana habr\u00e1 un corte de energ\u00eda el\u00e9ctrica en el barrio Las Lilas. Por tareas de reforma de la l\u00ednea y mejoras en el servicio, se interrumpir\u00e1 el suministro de energ\u00eda el\u00e9ctrica de&#8230;<\/p>\n","protected":false},"author":1,"featured_media":472,"comment_status":"open","ping_status":"open","sticky":false,"template":"","format":"standard","meta":{"footnotes":""},"categories":[3],"tags":[],"class_list":["post-8451","post","type-post","status-publish","format-standard","has-post-thumbnail","hentry","category-general"],"_links":{"self":[{"href":"https:\/\/emisoracolon.com.ar\/index.php\/wp-json\/wp\/v2\/posts\/8451","targetHints":{"allow":["GET"]}}],"collection":[{"href":"https:\/\/emisoracolon.com.ar\/index.php\/wp-json\/wp\/v2\/posts"}],"about":[{"href":"https:\/\/emisoracolon.com.ar\/index.php\/wp-json\/wp\/v2\/types\/post"}],"author":[{"embeddable":true,"href":"https:\/\/emisoracolon.com.ar\/index.php\/wp-json\/wp\/v2\/users\/1"}],"replies":[{"embeddable":true,"href":"https:\/\/emisoracolon.com.ar\/index.php\/wp-json\/wp\/v2\/comments?post=8451"}],"version-history":[{"count":1,"href":"https:\/\/emisoracolon.com.ar\/index.php\/wp-json\/wp\/v2\/posts\/8451\/revisions"}],"predecessor-version":[{"id":8452,"href":"https:\/\/emisoracolon.com.ar\/index.php\/wp-json\/wp\/v2\/posts\/8451\/revisions\/8452"}],"wp:featuredmedia":[{"embeddable":true,"href":"https:\/\/emisoracolon.com.ar\/index.php\/wp-json\/wp\/v2\/media\/472"}],"wp:attachment":[{"href":"https:\/\/emisoracolon.com.ar\/index.php\/wp-json\/wp\/v2\/media?parent=8451"}],"wp:term":[{"taxonomy":"category","embeddable":true,"href":"https:\/\/emisoracolon.com.ar\/index.php\/wp-json\/wp\/v2\/categories?post=8451"},{"taxonomy":"post_tag","embeddable":true,"href":"https:\/\/emisoracolon.com.ar\/index.php\/wp-json\/wp\/v2\/tags?post=8451"}],"curies":[{"name":"wp","href":"https:\/\/api.w.org\/{rel}","templated":true}]}}