{"id":8449,"date":"2025-09-29T16:56:59","date_gmt":"2025-09-29T19:56:59","guid":{"rendered":"https:\/\/emisoracolon.com.ar\/?p=8449"},"modified":"2025-09-29T16:56:59","modified_gmt":"2025-09-29T19:56:59","slug":"dos-intervenciones-bomberos-y-policia-en-colon","status":"publish","type":"post","link":"https:\/\/emisoracolon.com.ar\/index.php\/2025\/09\/29\/dos-intervenciones-bomberos-y-policia-en-colon\/","title":{"rendered":"Dos intervenciones, Bomberos y Polic\u00eda en Col\u00f3n"},"content":{"rendered":"\n<p>En la tarde de este s\u00e1bado, minutos antes de las 18:00, un autom\u00f3vil se incendi\u00f3 en la zona del motor en inmediaciones de calles 26 y 56, barrio 9 de Julio.<\/p>\n\n\n\n<p>Al lugar acudi\u00f3 una dotaci\u00f3n de Bomberos Voluntarios, que trabaj\u00f3 r\u00e1pidamente para sofocar las llamas y evitar la propagaci\u00f3n del fuego. Afortunadamente, no se registraron heridos, solo da\u00f1os materiales en el veh\u00edculo.<\/p>\n\n\n\n<p>Por otra parte, anoche se produjo un siniestro vial en el cruce de calles 42 y 21, donde colisionaron un autom\u00f3vil Peugeot de color rojo y una motocicleta. En el rodado menor circulaban dos personas, y una de ellas debi\u00f3 ser trasladada al Hospital para su atenci\u00f3n.<\/p>\n\n\n\n<p>La zona permaneci\u00f3 cerrada al tr\u00e1nsito mientras trabajaba personal policial en el lugar.<\/p>\n","protected":false},"excerpt":{"rendered":"<p>En la tarde de este s\u00e1bado, minutos antes de las 18:00, un autom\u00f3vil se incendi\u00f3 en la zona del motor en inmediaciones de calles 26 y 56, barrio 9 de Julio. Al&#8230;<\/p>\n","protected":false},"author":1,"featured_media":2026,"comment_status":"open","ping_status":"open","sticky":false,"template":"","format":"standard","meta":{"footnotes":""},"categories":[3],"tags":[],"class_list":["post-8449","post","type-post","status-publish","format-standard","has-post-thumbnail","hentry","category-general"],"_links":{"self":[{"href":"https:\/\/emisoracolon.com.ar\/index.php\/wp-json\/wp\/v2\/posts\/8449","targetHints":{"allow":["GET"]}}],"collection":[{"href":"https:\/\/emisoracolon.com.ar\/index.php\/wp-json\/wp\/v2\/posts"}],"about":[{"href":"https:\/\/emisoracolon.com.ar\/index.php\/wp-json\/wp\/v2\/types\/post"}],"author":[{"embeddable":true,"href":"https:\/\/emisoracolon.com.ar\/index.php\/wp-json\/wp\/v2\/users\/1"}],"replies":[{"embeddable":true,"href":"https:\/\/emisoracolon.com.ar\/index.php\/wp-json\/wp\/v2\/comments?post=8449"}],"version-history":[{"count":1,"href":"https:\/\/emisoracolon.com.ar\/index.php\/wp-json\/wp\/v2\/posts\/8449\/revisions"}],"predecessor-version":[{"id":8450,"href":"https:\/\/emisoracolon.com.ar\/index.php\/wp-json\/wp\/v2\/posts\/8449\/revisions\/8450"}],"wp:featuredmedia":[{"embeddable":true,"href":"https:\/\/emisoracolon.com.ar\/index.php\/wp-json\/wp\/v2\/media\/2026"}],"wp:attachment":[{"href":"https:\/\/emisoracolon.com.ar\/index.php\/wp-json\/wp\/v2\/media?parent=8449"}],"wp:term":[{"taxonomy":"category","embeddable":true,"href":"https:\/\/emisoracolon.com.ar\/index.php\/wp-json\/wp\/v2\/categories?post=8449"},{"taxonomy":"post_tag","embeddable":true,"href":"https:\/\/emisoracolon.com.ar\/index.php\/wp-json\/wp\/v2\/tags?post=8449"}],"curies":[{"name":"wp","href":"https:\/\/api.w.org\/{rel}","templated":true}]}}