{"id":8446,"date":"2025-09-29T16:55:04","date_gmt":"2025-09-29T19:55:04","guid":{"rendered":"https:\/\/emisoracolon.com.ar\/?p=8446"},"modified":"2025-09-29T16:55:04","modified_gmt":"2025-09-29T19:55:04","slug":"firma-de-escrituras-en-los-barrios-30-y-150-viviendas","status":"publish","type":"post","link":"https:\/\/emisoracolon.com.ar\/index.php\/2025\/09\/29\/firma-de-escrituras-en-los-barrios-30-y-150-viviendas\/","title":{"rendered":"Firma de escrituras en los barrios 30 y 150 Viviendas"},"content":{"rendered":"\n<p>Este lunes por la ma\u00f1ana se llev\u00f3 a cabo el acto de toma de firma de escrituras de viviendas en los barrios 30 y 150 Viviendas, en la plaza del barrio 150 (calles 9 y 59).<\/p>\n\n\n\n<p>La ceremonia cont\u00f3 con la presencia de la diputada provincial y candidata a diputada nacional Fernanda D\u00edaz, la escribana Mar\u00eda de los \u00c1ngeles Villanueva de la Escriban\u00eda General de Gobierno de la Provincia de Buenos Aires, y el intendente municipal Waldemar Giordano.<\/p>\n\n\n\n<p>D\u00edaz fue la encargada de abrir el encuentro, destacando el camino recorrido hasta llegar a este momento. Record\u00f3 la nota presentada por los vecinos en febrero de 2024 solicitando la escrituraci\u00f3n, y subray\u00f3 que el tr\u00e1mite se concret\u00f3 gracias al compromiso del Municipio y al trabajo conjunto de equipos locales y provinciales. \u201cEstamos a un paso de que cada familia reciba la escritura de su casa, despu\u00e9s de m\u00e1s de 20 a\u00f1os de espera. No es lo mismo ocuparse que no hacerlo: los resultados est\u00e1n a la vista\u201d, se\u00f1al\u00f3.<\/p>\n\n\n\n<p>A continuaci\u00f3n, la escribana Villanueva agradeci\u00f3 al Municipio y explic\u00f3 que la firma de los vecinos es el paso indispensable para que, en los pr\u00f3ximos meses, reciban sus t\u00edtulos de propiedad dentro del programa Mi Escritura, Mi Casa. \u201cHoy estamos haciendo realidad un tr\u00e1mite que parec\u00eda lejano. Hubo mucho trabajo contra reloj, pero se logr\u00f3. Ser propietarios no es solo un papel: es la seguridad jur\u00eddica sobre el hogar de cada familia\u201d, afirm\u00f3.<\/p>\n\n\n\n<p>Finalmente, Giordano cerr\u00f3 la ceremonia recordando que el barrio 150 Viviendas fue ocupado hace 29 a\u00f1os y que, desde entonces, los vecinos mejoraron y consolidaron sus hogares sin tener la tranquilidad de la escritura. \u201cEste papel que hoy firman cambia todo: les da la certeza de que su casa es suya y la posibilidad de dej\u00e1rsela a sus hijos y nietos. Esto es pol\u00edtica puesta al servicio de la comunidad\u201d, expres\u00f3.<\/p>\n\n\n\n<p>El intendente remarc\u00f3 adem\u00e1s que Col\u00f3n es uno de los distritos con mayor irregularidad dominial en la provincia y que la gesti\u00f3n avanza con un plan sostenido para revertir esa situaci\u00f3n.<\/p>\n\n\n\n<p>De esta manera, los vecinos de los barrios 30 y 150 Viviendas dieron un paso fundamental hacia la escrituraci\u00f3n definitiva de sus hogares.<\/p>\n","protected":false},"excerpt":{"rendered":"<p>Este lunes por la ma\u00f1ana se llev\u00f3 a cabo el acto de toma de firma de escrituras de viviendas en los barrios 30 y 150 Viviendas, en la plaza del barrio 150&#8230;<\/p>\n","protected":false},"author":1,"featured_media":8447,"comment_status":"open","ping_status":"open","sticky":false,"template":"","format":"standard","meta":{"footnotes":""},"categories":[3],"tags":[],"class_list":["post-8446","post","type-post","status-publish","format-standard","has-post-thumbnail","hentry","category-general"],"_links":{"self":[{"href":"https:\/\/emisoracolon.com.ar\/index.php\/wp-json\/wp\/v2\/posts\/8446","targetHints":{"allow":["GET"]}}],"collection":[{"href":"https:\/\/emisoracolon.com.ar\/index.php\/wp-json\/wp\/v2\/posts"}],"about":[{"href":"https:\/\/emisoracolon.com.ar\/index.php\/wp-json\/wp\/v2\/types\/post"}],"author":[{"embeddable":true,"href":"https:\/\/emisoracolon.com.ar\/index.php\/wp-json\/wp\/v2\/users\/1"}],"replies":[{"embeddable":true,"href":"https:\/\/emisoracolon.com.ar\/index.php\/wp-json\/wp\/v2\/comments?post=8446"}],"version-history":[{"count":1,"href":"https:\/\/emisoracolon.com.ar\/index.php\/wp-json\/wp\/v2\/posts\/8446\/revisions"}],"predecessor-version":[{"id":8448,"href":"https:\/\/emisoracolon.com.ar\/index.php\/wp-json\/wp\/v2\/posts\/8446\/revisions\/8448"}],"wp:featuredmedia":[{"embeddable":true,"href":"https:\/\/emisoracolon.com.ar\/index.php\/wp-json\/wp\/v2\/media\/8447"}],"wp:attachment":[{"href":"https:\/\/emisoracolon.com.ar\/index.php\/wp-json\/wp\/v2\/media?parent=8446"}],"wp:term":[{"taxonomy":"category","embeddable":true,"href":"https:\/\/emisoracolon.com.ar\/index.php\/wp-json\/wp\/v2\/categories?post=8446"},{"taxonomy":"post_tag","embeddable":true,"href":"https:\/\/emisoracolon.com.ar\/index.php\/wp-json\/wp\/v2\/tags?post=8446"}],"curies":[{"name":"wp","href":"https:\/\/api.w.org\/{rel}","templated":true}]}}