{"id":8444,"date":"2025-09-29T16:51:27","date_gmt":"2025-09-29T19:51:27","guid":{"rendered":"https:\/\/emisoracolon.com.ar\/?p=8444"},"modified":"2025-09-29T16:51:27","modified_gmt":"2025-09-29T19:51:27","slug":"corte-de-energia-electrica-4","status":"publish","type":"post","link":"https:\/\/emisoracolon.com.ar\/index.php\/2025\/09\/29\/corte-de-energia-electrica-4\/","title":{"rendered":"Corte de energ\u00eda el\u00e9ctrica"},"content":{"rendered":"\n<p>Esta programado un corte de energ\u00eda el\u00e9ctrica para ma\u00f1ana. En el marco del relevamiento en Media Tensi\u00f3n realizado se llevar\u00e1n a cabo tareas de mantenimiento que requieren la interrupci\u00f3n del servicio.<\/p>\n\n\n\n<p>Se extender\u00e1 de 06:30 a 09:30 y abarca el Barrio Mirador del Lago, Barrio Textil, Barrio Obrero, Parador. A su vez la calle 8 a Calle 5 \u2013 Bv. 50 a Calle 56.<\/p>\n\n\n\n<p>Se proceder\u00e1 al mantenimiento en la red. Desde la Cooperativa El\u00e9ctrica agradecen la comprensi\u00f3n de todos los vecinos mientras realizan estas tareas para mejorar la calidad del servicio.<\/p>\n","protected":false},"excerpt":{"rendered":"<p>Esta programado un corte de energ\u00eda el\u00e9ctrica para ma\u00f1ana. En el marco del relevamiento en Media Tensi\u00f3n realizado se llevar\u00e1n a cabo tareas de mantenimiento que requieren la interrupci\u00f3n del servicio. Se&#8230;<\/p>\n","protected":false},"author":1,"featured_media":472,"comment_status":"open","ping_status":"open","sticky":false,"template":"","format":"standard","meta":{"footnotes":""},"categories":[3],"tags":[],"class_list":["post-8444","post","type-post","status-publish","format-standard","has-post-thumbnail","hentry","category-general"],"_links":{"self":[{"href":"https:\/\/emisoracolon.com.ar\/index.php\/wp-json\/wp\/v2\/posts\/8444","targetHints":{"allow":["GET"]}}],"collection":[{"href":"https:\/\/emisoracolon.com.ar\/index.php\/wp-json\/wp\/v2\/posts"}],"about":[{"href":"https:\/\/emisoracolon.com.ar\/index.php\/wp-json\/wp\/v2\/types\/post"}],"author":[{"embeddable":true,"href":"https:\/\/emisoracolon.com.ar\/index.php\/wp-json\/wp\/v2\/users\/1"}],"replies":[{"embeddable":true,"href":"https:\/\/emisoracolon.com.ar\/index.php\/wp-json\/wp\/v2\/comments?post=8444"}],"version-history":[{"count":1,"href":"https:\/\/emisoracolon.com.ar\/index.php\/wp-json\/wp\/v2\/posts\/8444\/revisions"}],"predecessor-version":[{"id":8445,"href":"https:\/\/emisoracolon.com.ar\/index.php\/wp-json\/wp\/v2\/posts\/8444\/revisions\/8445"}],"wp:featuredmedia":[{"embeddable":true,"href":"https:\/\/emisoracolon.com.ar\/index.php\/wp-json\/wp\/v2\/media\/472"}],"wp:attachment":[{"href":"https:\/\/emisoracolon.com.ar\/index.php\/wp-json\/wp\/v2\/media?parent=8444"}],"wp:term":[{"taxonomy":"category","embeddable":true,"href":"https:\/\/emisoracolon.com.ar\/index.php\/wp-json\/wp\/v2\/categories?post=8444"},{"taxonomy":"post_tag","embeddable":true,"href":"https:\/\/emisoracolon.com.ar\/index.php\/wp-json\/wp\/v2\/tags?post=8444"}],"curies":[{"name":"wp","href":"https:\/\/api.w.org\/{rel}","templated":true}]}}