{"id":8441,"date":"2025-09-29T16:51:07","date_gmt":"2025-09-29T19:51:07","guid":{"rendered":"https:\/\/emisoracolon.com.ar\/?p=8441"},"modified":"2025-09-29T16:51:07","modified_gmt":"2025-09-29T19:51:07","slug":"fueron-entregadas-bicicletas","status":"publish","type":"post","link":"https:\/\/emisoracolon.com.ar\/index.php\/2025\/09\/29\/fueron-entregadas-bicicletas\/","title":{"rendered":"Fueron entregadas bicicletas"},"content":{"rendered":"\n<p>Con la consigna \u201cPedalear te hace bien a vos, y al planeta\u201d, se realiz\u00f3 la entrega de bicicletas en nuestra ciudad.<\/p>\n\n\n\n<p>La iniciativa fue otra de las acciones positivas que dej\u00f3 la visita de la ministra de Ambiente de la Provincia, Daniela Vilar, y se concret\u00f3 a trav\u00e9s del programa \u201cPedale\u00e1 la Provincia\u201d, que busca fomentar el uso de la bicicleta como medio de transporte accesible, sostenible y saludable entre las juventudes bonaerenses. El objetivo es facilitar el traslado cotidiano a instituciones educativas y promover la participaci\u00f3n activa en instancias colectivas de aprendizaje, investigaci\u00f3n y producci\u00f3n de conocimiento en torno a las problem\u00e1ticas ambientales.<\/p>\n\n\n\n<p>El programa est\u00e1 destinado a bonaerenses de entre 12 y 25 a\u00f1os que residan en la provincia de Buenos Aires y concurran a instituciones de educaci\u00f3n formal o no formal.<\/p>\n\n\n\n<p>Siguiendo estos lineamientos, llegaron desde el Ministerio de Ambiente PBA 130 bicicletas, destinadas a j\u00f3venes que participan en programas municipales como Envi\u00f3n, Sonriendo y Casa de las Infancias, as\u00ed como tambi\u00e9n a estudiantes de la Escuela Camino al Sol y de la EES N\u00b02 \u201cEscuela Normal Superior J.B. Marenzi\u201d, quienes presentaron un proyecto sobre Movilidad Sostenible.<\/p>\n\n\n\n<p>Adem\u00e1s, una parte de las bicicletas ser\u00e1 utilizada para reforzar el turismo sostenible, implement\u00e1ndose como bicis p\u00fablicas en distintos espacios verdes de la ciudad.<\/p>\n","protected":false},"excerpt":{"rendered":"<p>Con la consigna \u201cPedalear te hace bien a vos, y al planeta\u201d, se realiz\u00f3 la entrega de bicicletas en nuestra ciudad. La iniciativa fue otra de las acciones positivas que dej\u00f3 la&#8230;<\/p>\n","protected":false},"author":1,"featured_media":8442,"comment_status":"open","ping_status":"open","sticky":false,"template":"","format":"standard","meta":{"footnotes":""},"categories":[3],"tags":[],"class_list":["post-8441","post","type-post","status-publish","format-standard","has-post-thumbnail","hentry","category-general"],"_links":{"self":[{"href":"https:\/\/emisoracolon.com.ar\/index.php\/wp-json\/wp\/v2\/posts\/8441","targetHints":{"allow":["GET"]}}],"collection":[{"href":"https:\/\/emisoracolon.com.ar\/index.php\/wp-json\/wp\/v2\/posts"}],"about":[{"href":"https:\/\/emisoracolon.com.ar\/index.php\/wp-json\/wp\/v2\/types\/post"}],"author":[{"embeddable":true,"href":"https:\/\/emisoracolon.com.ar\/index.php\/wp-json\/wp\/v2\/users\/1"}],"replies":[{"embeddable":true,"href":"https:\/\/emisoracolon.com.ar\/index.php\/wp-json\/wp\/v2\/comments?post=8441"}],"version-history":[{"count":1,"href":"https:\/\/emisoracolon.com.ar\/index.php\/wp-json\/wp\/v2\/posts\/8441\/revisions"}],"predecessor-version":[{"id":8443,"href":"https:\/\/emisoracolon.com.ar\/index.php\/wp-json\/wp\/v2\/posts\/8441\/revisions\/8443"}],"wp:featuredmedia":[{"embeddable":true,"href":"https:\/\/emisoracolon.com.ar\/index.php\/wp-json\/wp\/v2\/media\/8442"}],"wp:attachment":[{"href":"https:\/\/emisoracolon.com.ar\/index.php\/wp-json\/wp\/v2\/media?parent=8441"}],"wp:term":[{"taxonomy":"category","embeddable":true,"href":"https:\/\/emisoracolon.com.ar\/index.php\/wp-json\/wp\/v2\/categories?post=8441"},{"taxonomy":"post_tag","embeddable":true,"href":"https:\/\/emisoracolon.com.ar\/index.php\/wp-json\/wp\/v2\/tags?post=8441"}],"curies":[{"name":"wp","href":"https:\/\/api.w.org\/{rel}","templated":true}]}}