{"id":8435,"date":"2025-09-29T16:46:27","date_gmt":"2025-09-29T19:46:27","guid":{"rendered":"https:\/\/emisoracolon.com.ar\/?p=8435"},"modified":"2025-09-29T16:46:27","modified_gmt":"2025-09-29T19:46:27","slug":"festejaron-la-llegada-de-la-primavera","status":"publish","type":"post","link":"https:\/\/emisoracolon.com.ar\/index.php\/2025\/09\/29\/festejaron-la-llegada-de-la-primavera\/","title":{"rendered":"Festejaron la llegada de la primavera"},"content":{"rendered":"\n<p>Ayer por la tarde, el boulevard 17 y 48 se transform\u00f3 en un gran escenario de alegr\u00eda con la celebraci\u00f3n de la primavera y el D\u00eda del Estudiante.<\/p>\n\n\n\n<p>Los j\u00f3venes fueron protagonistas y llenaron el lugar de m\u00fasica, risas y entusiasmo, acompa\u00f1ados tambi\u00e9n por sus familias que se sumaron al festejo. Entre danzas, expresiones art\u00edsticas y actividades recreativas, el clima festivo se hizo sentir en cada rinc\u00f3n.<\/p>\n\n\n\n<p>A pocos metros, la plaza aport\u00f3 su propio encanto: expositores, vendedores y artesanos desplegaron sus propuestas y atrajeron a un p\u00fablico numeroso que disfrut\u00f3 de pasear, mirar y comprar.<\/p>\n\n\n\n<p>El sol primaveral acompa\u00f1\u00f3 durante toda la jornada, que se vivi\u00f3 con un marco multitudinario en el bulevar, la plaza y sus alrededores, dejando postales de encuentro, juventud y celebraci\u00f3n compartida.<\/p>\n","protected":false},"excerpt":{"rendered":"<p>Ayer por la tarde, el boulevard 17 y 48 se transform\u00f3 en un gran escenario de alegr\u00eda con la celebraci\u00f3n de la primavera y el D\u00eda del Estudiante. Los j\u00f3venes fueron protagonistas&#8230;<\/p>\n","protected":false},"author":1,"featured_media":8436,"comment_status":"open","ping_status":"open","sticky":false,"template":"","format":"standard","meta":{"footnotes":""},"categories":[7,3],"tags":[],"class_list":["post-8435","post","type-post","status-publish","format-standard","has-post-thumbnail","hentry","category-cultura","category-general"],"_links":{"self":[{"href":"https:\/\/emisoracolon.com.ar\/index.php\/wp-json\/wp\/v2\/posts\/8435","targetHints":{"allow":["GET"]}}],"collection":[{"href":"https:\/\/emisoracolon.com.ar\/index.php\/wp-json\/wp\/v2\/posts"}],"about":[{"href":"https:\/\/emisoracolon.com.ar\/index.php\/wp-json\/wp\/v2\/types\/post"}],"author":[{"embeddable":true,"href":"https:\/\/emisoracolon.com.ar\/index.php\/wp-json\/wp\/v2\/users\/1"}],"replies":[{"embeddable":true,"href":"https:\/\/emisoracolon.com.ar\/index.php\/wp-json\/wp\/v2\/comments?post=8435"}],"version-history":[{"count":1,"href":"https:\/\/emisoracolon.com.ar\/index.php\/wp-json\/wp\/v2\/posts\/8435\/revisions"}],"predecessor-version":[{"id":8437,"href":"https:\/\/emisoracolon.com.ar\/index.php\/wp-json\/wp\/v2\/posts\/8435\/revisions\/8437"}],"wp:featuredmedia":[{"embeddable":true,"href":"https:\/\/emisoracolon.com.ar\/index.php\/wp-json\/wp\/v2\/media\/8436"}],"wp:attachment":[{"href":"https:\/\/emisoracolon.com.ar\/index.php\/wp-json\/wp\/v2\/media?parent=8435"}],"wp:term":[{"taxonomy":"category","embeddable":true,"href":"https:\/\/emisoracolon.com.ar\/index.php\/wp-json\/wp\/v2\/categories?post=8435"},{"taxonomy":"post_tag","embeddable":true,"href":"https:\/\/emisoracolon.com.ar\/index.php\/wp-json\/wp\/v2\/tags?post=8435"}],"curies":[{"name":"wp","href":"https:\/\/api.w.org\/{rel}","templated":true}]}}