{"id":8429,"date":"2025-09-26T16:58:25","date_gmt":"2025-09-26T19:58:25","guid":{"rendered":"https:\/\/emisoracolon.com.ar\/?p=8429"},"modified":"2025-09-26T16:58:25","modified_gmt":"2025-09-26T19:58:25","slug":"elecciones-2025-casi-todos-los-intendentes-retrocedieron-en-la-2a-seccion","status":"publish","type":"post","link":"https:\/\/emisoracolon.com.ar\/index.php\/2025\/09\/26\/elecciones-2025-casi-todos-los-intendentes-retrocedieron-en-la-2a-seccion\/","title":{"rendered":"Elecciones 2025: Casi todos los intendentes retrocedieron en la 2a Secci\u00f3n"},"content":{"rendered":"\n<p>Tras la confirmaci\u00f3n que no hubo cambios en los porcentajes de votos que hab\u00edamos ofrecidos de manera extraoficial, tras los comicios, los n\u00fameros definitivos en toda la Segunda Secci\u00f3n Electoral muestran grandes retrocesos de casi todos los intendentes. En nuestro medio, la lista oficialista perdi\u00f3 m\u00e1s de 15 puntos con relaci\u00f3n a la elecci\u00f3n de 2023.<\/p>\n\n\n\n<p>Si como suele decirse las elecciones de medio t\u00e9rmino representan una valoraci\u00f3n sobre la primera mitad de los mandatos ejecutivos iniciados dos a\u00f1os atr\u00e1s, entonces la legislativa del domingo que pas\u00f3 dej\u00f3 un tendal de desaprobaciones (algunas muy rotundas) en la Segunda Secci\u00f3n Electoral. En rigor, 14 de los 15 intendentes sufrieron un rev\u00e9s.<\/p>\n\n\n\n<p>Quiz\u00e1 tambi\u00e9n pueda excluirse el caso del jefe comunal de San Andr\u00e9s de Giles, que tan s\u00f3lo perdi\u00f3 dos d\u00e9cimas y media respecto del resultado que lo consagr\u00f3 en las generales de 2023. Entre los dem\u00e1s hubo varios que perdieron m\u00e1s de 10 puntos. Y el caso puntual de otro al que se le evaporaron m\u00e1s de 30. El m\u00e1s airoso fue Santiago Passaglia, que no s\u00f3lo no perdi\u00f3 sino que sali\u00f3 del \u201cplebiscito popular\u201d con un saldo a favor de m\u00e1s de 8 puntos.<\/p>\n\n\n\n<p>El que m\u00e1s apoyo perdi\u00f3 entre la elecci\u00f3n que lo consagr\u00f3 Intendente y esta legislativa fue Esteban Sanzio en Baradero. En 2023 gan\u00f3 el derecho a comandar el municipio a partir de los 55,70 puntos porcentuales de adhesi\u00f3n que lograba su boleta con el r\u00f3tulo de Uni\u00f3n por la Patria. Este domingo, la lista de concejales de Fuerza Patria salida de su despacho sum\u00f3 apenas 24,34%. Es decir, en dos a\u00f1os de gesti\u00f3n perdi\u00f3 31,36 puntos. Un verdadero derrumbe. Y una segunda mitad de mandato que seguramente ser\u00e1 cuesta arriba.<\/p>\n\n\n\n<p>Otros retrocesos notorios golpearon a los intendentes de Carmen de Areco, Arrecifes y Col\u00f3n. El 22 de octubre de 2023 Iv\u00e1n Villagr\u00e1n se consagraba ganador e Intendente electo de Carmen de Areco con el 57,23% de los electores de ese distrito votando por su lista de Uni\u00f3n por la Patria. Ahora perdi\u00f3 17,93 puntos: su lista de candidatos a concejal de Fuerza Patria cosech\u00f3 39,30 puntos.<\/p>\n\n\n\n<p>En tanto, un intendente ex PRO y ahora libertario perdi\u00f3 en el mismo periodo de tiempo 16,48 puntos de adhesi\u00f3n popular en su distrito. Se trata de Fernando Bouvier, electo Intendente de Arrecifes con el 44,01% de los votos, quien ahora auspici\u00f3 una n\u00f3mina de postulantes a concejal que termin\u00f3 sumando 27,53%.<\/p>\n\n\n\n<p>En Col\u00f3n el derrumbe del oficialismo local alcanz\u00f3 los 15,58 puntos. Waldemar Giordano gan\u00f3 en 2023 con 48,35% y ahora debi\u00f3 conformarse con 32,77%.<\/p>\n\n\n\n<p>Tambi\u00e9n restaron en dos d\u00edgitos los intendentes Javier Mart\u00ednez en Pergamino (-12,39 puntos) y Francisco Ratto en San Antonio de Areco (-11,43). Por debajo de las l\u00edneas de los diez puntos de d\u00e9ficit se ubican: Fernanda Astorino en Capit\u00e1n Sarmiento (-9,87), Cecilio Salazar en San Pedro (-9,01), Ricardo Alessandro en Salto (-7,10), Diego Nanni en Exaltaci\u00f3n de la Cruz (-4,98), Rom\u00e1n Bouvier en Rojas (-4,87) y Mauro Poletti en Ramallo (-3,83 puntos).<\/p>\n\n\n\n<p>El caso del intendente Miguel Gesualdi en San Andr\u00e9s de Giles puede considerarse un \u201cempate\u201d. Gan\u00f3 en 2023 por Uni\u00f3n por la Patria con 47,39% y ahora la lista de Fuerza Patria que lo represent\u00f3 obtuvo una adhesi\u00f3n del 47,13%: perdi\u00f3 s\u00f3lo un cuarto de puntos. Expresado en n\u00fameros: 0,26.<\/p>\n\n\n\n<p>En las ant\u00edpodas de la tendencia general se ubic\u00f3 Santiago Passaglia. No solamente fue el \u00fanico que no rest\u00f3: sum\u00f3 8,33 puntos a los 42,22 que en 2023 lo hab\u00edan consagrado Intendente Municipal de San Nicol\u00e1s. La lista de candidatos a concejal de HECHOS fue la m\u00e1s votada por los electores nicole\u00f1os, recibiendo una adhesi\u00f3n de 50,55 puntos<\/p>\n\n\n\n<p><strong>26\/09\/25 Como se vot\u00f3 en Col\u00f3n<\/strong><\/p>\n\n\n\n<p>En el Partido de Col\u00f3n, la lista oficialista Fuerza Patria gan\u00f3 en la ciudad de Col\u00f3n, Sarasa y Pearson, (donde obtuvo el mayor porcentaje) mientras que los vecinos de El Arbolito votaron a Espacio Abierto para el Desarrollo (Hechos)<\/p>\n\n\n\n<p>El resumen de lo ocurrido:<\/p>\n\n\n\n<p>Col\u00f3n<\/p>\n\n\n\n<p>1o) Fuerza Patria 4216 (37,72%) 2o La Libertad Avanza 2871 (22,28%) 3o Nuevos Aires 1644 (12,76%), 4o Frente Patriota Federal 1242 (9,64%) 5o Espacio Abierto Desarrollo e 1126 (8,47%) 6o Potencia 689 (5,34%) 7o Uni\u00f3n y Libertad 578 (4,48%) 8o Frente de Izquierda 310 (2,40%) 9o Partido Libertario 207 (1.60)<\/p>\n\n\n\n<p>Sarasa<\/p>\n\n\n\n<p>1o Fuerza Patria 12 (26.08%) 2o Nuevos Aires y Espacio Abierto p Desarrollo 10 c\/u (21,73%) 4o La Libertad Avanza 8 (17,39%) 5o Frente Patriota Federal 4 (8,69%) 6o Uni\u00f3n y Libertad 2 (4,34%) sin votos Potencia, Frente de Izquierda y Partido Libertario.<\/p>\n\n\n\n<p>El Arbolito<\/p>\n\n\n\n<p>1o Espacio Abierto para el Desarrollo 42 (29.78) 2o La Libertad Avanza 37 (26.24%) 3o Fuerza Patria 34 (24.11%) 4o Nuevos Aires 10 7.09%) 5o Frente Patri\u00f3tico Federal 9 (6,38%) 6o Potencia y Uni\u00f3n y Libertad 3 c\/u (2,12%) 8 Partido Libertario 2 (1.41%) 9o Frente de Izquierda 1 (0.70%)<\/p>\n\n\n\n<p>Pearson<\/p>\n\n\n\n<p>1o Fuerza Patria 68 (47,55) 2o Espacio Abierto para el Desarrollo 22 (15,38%) 3o Potencia 18 (12.58%) 4o La Libertad Avanza 16 (11,18%) 5o Nuevos Aires 9 (6,29%) 6o Frente Patriota Federal 6 (4.19%) 7o Uni\u00f3n y Libertad 4 (2.79%) y sin votos Frente de Izquierda y Partido Libertario.<\/p>\n","protected":false},"excerpt":{"rendered":"<p>Tras la confirmaci\u00f3n que no hubo cambios en los porcentajes de votos que hab\u00edamos ofrecidos de manera extraoficial, tras los comicios, los n\u00fameros definitivos en toda la Segunda Secci\u00f3n Electoral muestran grandes&#8230;<\/p>\n","protected":false},"author":1,"featured_media":7593,"comment_status":"open","ping_status":"open","sticky":false,"template":"","format":"standard","meta":{"footnotes":""},"categories":[3],"tags":[],"class_list":["post-8429","post","type-post","status-publish","format-standard","has-post-thumbnail","hentry","category-general"],"_links":{"self":[{"href":"https:\/\/emisoracolon.com.ar\/index.php\/wp-json\/wp\/v2\/posts\/8429","targetHints":{"allow":["GET"]}}],"collection":[{"href":"https:\/\/emisoracolon.com.ar\/index.php\/wp-json\/wp\/v2\/posts"}],"about":[{"href":"https:\/\/emisoracolon.com.ar\/index.php\/wp-json\/wp\/v2\/types\/post"}],"author":[{"embeddable":true,"href":"https:\/\/emisoracolon.com.ar\/index.php\/wp-json\/wp\/v2\/users\/1"}],"replies":[{"embeddable":true,"href":"https:\/\/emisoracolon.com.ar\/index.php\/wp-json\/wp\/v2\/comments?post=8429"}],"version-history":[{"count":1,"href":"https:\/\/emisoracolon.com.ar\/index.php\/wp-json\/wp\/v2\/posts\/8429\/revisions"}],"predecessor-version":[{"id":8430,"href":"https:\/\/emisoracolon.com.ar\/index.php\/wp-json\/wp\/v2\/posts\/8429\/revisions\/8430"}],"wp:featuredmedia":[{"embeddable":true,"href":"https:\/\/emisoracolon.com.ar\/index.php\/wp-json\/wp\/v2\/media\/7593"}],"wp:attachment":[{"href":"https:\/\/emisoracolon.com.ar\/index.php\/wp-json\/wp\/v2\/media?parent=8429"}],"wp:term":[{"taxonomy":"category","embeddable":true,"href":"https:\/\/emisoracolon.com.ar\/index.php\/wp-json\/wp\/v2\/categories?post=8429"},{"taxonomy":"post_tag","embeddable":true,"href":"https:\/\/emisoracolon.com.ar\/index.php\/wp-json\/wp\/v2\/tags?post=8429"}],"curies":[{"name":"wp","href":"https:\/\/api.w.org\/{rel}","templated":true}]}}