{"id":8426,"date":"2025-09-26T16:57:39","date_gmt":"2025-09-26T19:57:39","guid":{"rendered":"https:\/\/emisoracolon.com.ar\/?p=8426"},"modified":"2025-09-26T16:57:39","modified_gmt":"2025-09-26T19:57:39","slug":"para-sensibilizar","status":"publish","type":"post","link":"https:\/\/emisoracolon.com.ar\/index.php\/2025\/09\/26\/para-sensibilizar\/","title":{"rendered":"Para sensibilizar"},"content":{"rendered":"\n<p>Desde la Direcci\u00f3n de G\u00e9nero del Municipio invitan a participar de la jornada de Sensibilizaci\u00f3n sobre Trata de Personas y Explotaci\u00f3n que estar\u00e1 a cargo de Gustavo Vera, quien llega a Col\u00f3n desde el \u00e1rea de Trata del Ministerio de Desarrollo de la Comunidad de la provincia de Buenos Aires.<\/p>\n\n\n\n<p>Tendr\u00e1 lugar el venidero mi\u00e9rcoles 1o de octubre de 12:00 a 14:00 en el Polo Cultural.<\/p>\n","protected":false},"excerpt":{"rendered":"<p>Desde la Direcci\u00f3n de G\u00e9nero del Municipio invitan a participar de la jornada de Sensibilizaci\u00f3n sobre Trata de Personas y Explotaci\u00f3n que estar\u00e1 a cargo de Gustavo Vera, quien llega a Col\u00f3n&#8230;<\/p>\n","protected":false},"author":1,"featured_media":8427,"comment_status":"open","ping_status":"open","sticky":false,"template":"","format":"standard","meta":{"footnotes":""},"categories":[3],"tags":[],"class_list":["post-8426","post","type-post","status-publish","format-standard","has-post-thumbnail","hentry","category-general"],"_links":{"self":[{"href":"https:\/\/emisoracolon.com.ar\/index.php\/wp-json\/wp\/v2\/posts\/8426","targetHints":{"allow":["GET"]}}],"collection":[{"href":"https:\/\/emisoracolon.com.ar\/index.php\/wp-json\/wp\/v2\/posts"}],"about":[{"href":"https:\/\/emisoracolon.com.ar\/index.php\/wp-json\/wp\/v2\/types\/post"}],"author":[{"embeddable":true,"href":"https:\/\/emisoracolon.com.ar\/index.php\/wp-json\/wp\/v2\/users\/1"}],"replies":[{"embeddable":true,"href":"https:\/\/emisoracolon.com.ar\/index.php\/wp-json\/wp\/v2\/comments?post=8426"}],"version-history":[{"count":1,"href":"https:\/\/emisoracolon.com.ar\/index.php\/wp-json\/wp\/v2\/posts\/8426\/revisions"}],"predecessor-version":[{"id":8428,"href":"https:\/\/emisoracolon.com.ar\/index.php\/wp-json\/wp\/v2\/posts\/8426\/revisions\/8428"}],"wp:featuredmedia":[{"embeddable":true,"href":"https:\/\/emisoracolon.com.ar\/index.php\/wp-json\/wp\/v2\/media\/8427"}],"wp:attachment":[{"href":"https:\/\/emisoracolon.com.ar\/index.php\/wp-json\/wp\/v2\/media?parent=8426"}],"wp:term":[{"taxonomy":"category","embeddable":true,"href":"https:\/\/emisoracolon.com.ar\/index.php\/wp-json\/wp\/v2\/categories?post=8426"},{"taxonomy":"post_tag","embeddable":true,"href":"https:\/\/emisoracolon.com.ar\/index.php\/wp-json\/wp\/v2\/tags?post=8426"}],"curies":[{"name":"wp","href":"https:\/\/api.w.org\/{rel}","templated":true}]}}