{"id":8420,"date":"2025-09-26T16:55:04","date_gmt":"2025-09-26T19:55:04","guid":{"rendered":"https:\/\/emisoracolon.com.ar\/?p=8420"},"modified":"2025-09-26T16:55:04","modified_gmt":"2025-09-26T19:55:04","slug":"pondran-en-marcha-la-recoleccion-diferenciada-de-residuos","status":"publish","type":"post","link":"https:\/\/emisoracolon.com.ar\/index.php\/2025\/09\/26\/pondran-en-marcha-la-recoleccion-diferenciada-de-residuos\/","title":{"rendered":"Pondr\u00e1n en marcha la recolecci\u00f3n diferenciada de residuos"},"content":{"rendered":"\n<p>La Municipalidad anunci\u00f3 que comenzar\u00e1 en la ciudad la separaci\u00f3n de residuos domiciliarios, un paso clave hacia un modelo de gesti\u00f3n ambiental m\u00e1s responsable. El anuncio se realiz\u00f3 durante la visita de la ministra de Ambiente de la Provincia de Buenos Aires, Daniela Vilar.<\/p>\n\n\n\n<p>Para poner en marcha el sistema, el municipio incorpor\u00f3 un cami\u00f3n 0 km, adem\u00e1s de contenedores basculantes, tachos para separaci\u00f3n en origen y 100 bolsones big-bag, provistos por la Provincia.<\/p>\n\n\n\n<p>\u201cLa separaci\u00f3n en origen es fundamental. Iniciaremos un proceso paulatino de recolecci\u00f3n diferenciada que permitir\u00e1 cuidar mejor los espacios, fortalecer la econom\u00eda circular, acompa\u00f1ar a los recuperadores urbanos y consolidar una pol\u00edtica estrat\u00e9gica para la gesti\u00f3n de los residuos s\u00f3lidos urbanos\u201d, se\u00f1alaron desde la Comuna.<\/p>\n\n\n\n<p>Los recuperadores urbanos, protagonistas de este cambio, recibir\u00e1n adem\u00e1s indumentaria y elementos de seguridad, lo que garantiza que puedan desempe\u00f1ar su tarea en mejores condiciones, con protecci\u00f3n y dignidad.<\/p>\n\n\n\n<p>Las nuevas herramientas suman en infraestructura, organizaci\u00f3n y concientizaci\u00f3n, pilares para avanzar hacia una ciudad m\u00e1s sustentable. Desde el municipio recordaron que el tratamiento de los residuos requiere del compromiso colectivo, y que cada hogar puede aportar con un gesto simple pero clave: separar los residuos en origen.<\/p>\n","protected":false},"excerpt":{"rendered":"<p>La Municipalidad anunci\u00f3 que comenzar\u00e1 en la ciudad la separaci\u00f3n de residuos domiciliarios, un paso clave hacia un modelo de gesti\u00f3n ambiental m\u00e1s responsable. El anuncio se realiz\u00f3 durante la visita de&#8230;<\/p>\n","protected":false},"author":1,"featured_media":8421,"comment_status":"open","ping_status":"open","sticky":false,"template":"","format":"standard","meta":{"footnotes":""},"categories":[3],"tags":[],"class_list":["post-8420","post","type-post","status-publish","format-standard","has-post-thumbnail","hentry","category-general"],"_links":{"self":[{"href":"https:\/\/emisoracolon.com.ar\/index.php\/wp-json\/wp\/v2\/posts\/8420","targetHints":{"allow":["GET"]}}],"collection":[{"href":"https:\/\/emisoracolon.com.ar\/index.php\/wp-json\/wp\/v2\/posts"}],"about":[{"href":"https:\/\/emisoracolon.com.ar\/index.php\/wp-json\/wp\/v2\/types\/post"}],"author":[{"embeddable":true,"href":"https:\/\/emisoracolon.com.ar\/index.php\/wp-json\/wp\/v2\/users\/1"}],"replies":[{"embeddable":true,"href":"https:\/\/emisoracolon.com.ar\/index.php\/wp-json\/wp\/v2\/comments?post=8420"}],"version-history":[{"count":1,"href":"https:\/\/emisoracolon.com.ar\/index.php\/wp-json\/wp\/v2\/posts\/8420\/revisions"}],"predecessor-version":[{"id":8422,"href":"https:\/\/emisoracolon.com.ar\/index.php\/wp-json\/wp\/v2\/posts\/8420\/revisions\/8422"}],"wp:featuredmedia":[{"embeddable":true,"href":"https:\/\/emisoracolon.com.ar\/index.php\/wp-json\/wp\/v2\/media\/8421"}],"wp:attachment":[{"href":"https:\/\/emisoracolon.com.ar\/index.php\/wp-json\/wp\/v2\/media?parent=8420"}],"wp:term":[{"taxonomy":"category","embeddable":true,"href":"https:\/\/emisoracolon.com.ar\/index.php\/wp-json\/wp\/v2\/categories?post=8420"},{"taxonomy":"post_tag","embeddable":true,"href":"https:\/\/emisoracolon.com.ar\/index.php\/wp-json\/wp\/v2\/tags?post=8420"}],"curies":[{"name":"wp","href":"https:\/\/api.w.org\/{rel}","templated":true}]}}