{"id":8418,"date":"2025-09-25T16:51:44","date_gmt":"2025-09-25T19:51:44","guid":{"rendered":"https:\/\/emisoracolon.com.ar\/?p=8418"},"modified":"2025-09-25T16:51:44","modified_gmt":"2025-09-25T19:51:44","slug":"vacunacion-contra-el-dengue-en-la-provincia-de-buenos-aires","status":"publish","type":"post","link":"https:\/\/emisoracolon.com.ar\/index.php\/2025\/09\/25\/vacunacion-contra-el-dengue-en-la-provincia-de-buenos-aires\/","title":{"rendered":"Vacunaci\u00f3n contra el dengue en la provincia de Buenos Aires"},"content":{"rendered":"\n<p>La concejala Mariela Luciani inform\u00f3 que la cobertura de la vacunaci\u00f3n contra el dengue en la provincia de Buenos Aires se ampl\u00eda a todas las personas de entre 15 y 59 a\u00f1os de edad, sin importar si ya tuvieron o no la enfermedad.<\/p>\n\n\n\n<p>Desde el 15 de septiembre se est\u00e1n enviando correos electr\u00f3nicos a quienes se registraron previamente en la p\u00e1gina oficial. Aquellos que a\u00fan no lo hicieron pueden inscribirse en www.ms.gba.gob.ar\/sitios\/misalud<\/p>\n","protected":false},"excerpt":{"rendered":"<p>La concejala Mariela Luciani inform\u00f3 que la cobertura de la vacunaci\u00f3n contra el dengue en la provincia de Buenos Aires se ampl\u00eda a todas las personas de entre 15 y 59 a\u00f1os&#8230;<\/p>\n","protected":false},"author":1,"featured_media":3903,"comment_status":"open","ping_status":"open","sticky":false,"template":"","format":"standard","meta":{"footnotes":""},"categories":[3],"tags":[],"class_list":["post-8418","post","type-post","status-publish","format-standard","has-post-thumbnail","hentry","category-general"],"_links":{"self":[{"href":"https:\/\/emisoracolon.com.ar\/index.php\/wp-json\/wp\/v2\/posts\/8418","targetHints":{"allow":["GET"]}}],"collection":[{"href":"https:\/\/emisoracolon.com.ar\/index.php\/wp-json\/wp\/v2\/posts"}],"about":[{"href":"https:\/\/emisoracolon.com.ar\/index.php\/wp-json\/wp\/v2\/types\/post"}],"author":[{"embeddable":true,"href":"https:\/\/emisoracolon.com.ar\/index.php\/wp-json\/wp\/v2\/users\/1"}],"replies":[{"embeddable":true,"href":"https:\/\/emisoracolon.com.ar\/index.php\/wp-json\/wp\/v2\/comments?post=8418"}],"version-history":[{"count":1,"href":"https:\/\/emisoracolon.com.ar\/index.php\/wp-json\/wp\/v2\/posts\/8418\/revisions"}],"predecessor-version":[{"id":8419,"href":"https:\/\/emisoracolon.com.ar\/index.php\/wp-json\/wp\/v2\/posts\/8418\/revisions\/8419"}],"wp:featuredmedia":[{"embeddable":true,"href":"https:\/\/emisoracolon.com.ar\/index.php\/wp-json\/wp\/v2\/media\/3903"}],"wp:attachment":[{"href":"https:\/\/emisoracolon.com.ar\/index.php\/wp-json\/wp\/v2\/media?parent=8418"}],"wp:term":[{"taxonomy":"category","embeddable":true,"href":"https:\/\/emisoracolon.com.ar\/index.php\/wp-json\/wp\/v2\/categories?post=8418"},{"taxonomy":"post_tag","embeddable":true,"href":"https:\/\/emisoracolon.com.ar\/index.php\/wp-json\/wp\/v2\/tags?post=8418"}],"curies":[{"name":"wp","href":"https:\/\/api.w.org\/{rel}","templated":true}]}}