{"id":8416,"date":"2025-09-25T16:50:50","date_gmt":"2025-09-25T19:50:50","guid":{"rendered":"https:\/\/emisoracolon.com.ar\/?p=8416"},"modified":"2025-09-25T16:50:50","modified_gmt":"2025-09-25T19:50:50","slug":"pedido-para-ordenar-el-estacionamiento-de-motos-en-bulevares-y-plazas","status":"publish","type":"post","link":"https:\/\/emisoracolon.com.ar\/index.php\/2025\/09\/25\/pedido-para-ordenar-el-estacionamiento-de-motos-en-bulevares-y-plazas\/","title":{"rendered":"Pedido para ordenar el estacionamiento de motos en bulevares y plazas"},"content":{"rendered":"\n<p>El concejal Julio \u00c1lvarez solicit\u00f3 que no se estacionen motos sobre los caminos de los bulevares, ya que generan dificultades para la circulaci\u00f3n de las familias, en especial madres con carritos.<\/p>\n\n\n\n<p>\u00c1lvarez pidi\u00f3 que la Guardia Urbana de Tr\u00e1nsito dialogue con los j\u00f3venes para que dejen las motos en la calle y no sobre las veredas pavimentadas, porque esto perjudica a quienes transitan a pie.<\/p>\n\n\n\n<p>Adem\u00e1s, se\u00f1al\u00f3 que la misma situaci\u00f3n se repite en la plaza, donde incluso se observan motos circulando por los senderos. \u201cMuchas familias llevan a los chicos porque es un lugar seguro, pero con motos circulando puede ocurrir una desgracia en cualquier momento\u201d, advirti\u00f3.<\/p>\n","protected":false},"excerpt":{"rendered":"<p>El concejal Julio \u00c1lvarez solicit\u00f3 que no se estacionen motos sobre los caminos de los bulevares, ya que generan dificultades para la circulaci\u00f3n de las familias, en especial madres con carritos. \u00c1lvarez&#8230;<\/p>\n","protected":false},"author":1,"featured_media":4313,"comment_status":"open","ping_status":"open","sticky":false,"template":"","format":"standard","meta":{"footnotes":""},"categories":[3],"tags":[],"class_list":["post-8416","post","type-post","status-publish","format-standard","has-post-thumbnail","hentry","category-general"],"_links":{"self":[{"href":"https:\/\/emisoracolon.com.ar\/index.php\/wp-json\/wp\/v2\/posts\/8416","targetHints":{"allow":["GET"]}}],"collection":[{"href":"https:\/\/emisoracolon.com.ar\/index.php\/wp-json\/wp\/v2\/posts"}],"about":[{"href":"https:\/\/emisoracolon.com.ar\/index.php\/wp-json\/wp\/v2\/types\/post"}],"author":[{"embeddable":true,"href":"https:\/\/emisoracolon.com.ar\/index.php\/wp-json\/wp\/v2\/users\/1"}],"replies":[{"embeddable":true,"href":"https:\/\/emisoracolon.com.ar\/index.php\/wp-json\/wp\/v2\/comments?post=8416"}],"version-history":[{"count":1,"href":"https:\/\/emisoracolon.com.ar\/index.php\/wp-json\/wp\/v2\/posts\/8416\/revisions"}],"predecessor-version":[{"id":8417,"href":"https:\/\/emisoracolon.com.ar\/index.php\/wp-json\/wp\/v2\/posts\/8416\/revisions\/8417"}],"wp:featuredmedia":[{"embeddable":true,"href":"https:\/\/emisoracolon.com.ar\/index.php\/wp-json\/wp\/v2\/media\/4313"}],"wp:attachment":[{"href":"https:\/\/emisoracolon.com.ar\/index.php\/wp-json\/wp\/v2\/media?parent=8416"}],"wp:term":[{"taxonomy":"category","embeddable":true,"href":"https:\/\/emisoracolon.com.ar\/index.php\/wp-json\/wp\/v2\/categories?post=8416"},{"taxonomy":"post_tag","embeddable":true,"href":"https:\/\/emisoracolon.com.ar\/index.php\/wp-json\/wp\/v2\/tags?post=8416"}],"curies":[{"name":"wp","href":"https:\/\/api.w.org\/{rel}","templated":true}]}}