{"id":8414,"date":"2025-09-25T16:49:56","date_gmt":"2025-09-25T19:49:56","guid":{"rendered":"https:\/\/emisoracolon.com.ar\/?p=8414"},"modified":"2025-09-25T16:49:56","modified_gmt":"2025-09-25T19:49:56","slug":"olla-popular-3","status":"publish","type":"post","link":"https:\/\/emisoracolon.com.ar\/index.php\/2025\/09\/25\/olla-popular-3\/","title":{"rendered":"Olla popular"},"content":{"rendered":"\n<p>La Agrupaci\u00f3n Somos Barrios de Pie, integrante de Fuerza Patria, inform\u00f3 que este s\u00e1bado 27 de setiembre en horas del mediod\u00eda habr\u00e1 una olla popular. Como siempre, ser\u00e1 en el domicilio de la familia Andrada, en 126 entre 54 y 55. El plato ser\u00e1 guiso con fideos.<\/p>\n","protected":false},"excerpt":{"rendered":"<p>La Agrupaci\u00f3n Somos Barrios de Pie, integrante de Fuerza Patria, inform\u00f3 que este s\u00e1bado 27 de setiembre en horas del mediod\u00eda habr\u00e1 una olla popular. Como siempre, ser\u00e1 en el domicilio de&#8230;<\/p>\n","protected":false},"author":1,"featured_media":7752,"comment_status":"open","ping_status":"open","sticky":false,"template":"","format":"standard","meta":{"footnotes":""},"categories":[3],"tags":[],"class_list":["post-8414","post","type-post","status-publish","format-standard","has-post-thumbnail","hentry","category-general"],"_links":{"self":[{"href":"https:\/\/emisoracolon.com.ar\/index.php\/wp-json\/wp\/v2\/posts\/8414","targetHints":{"allow":["GET"]}}],"collection":[{"href":"https:\/\/emisoracolon.com.ar\/index.php\/wp-json\/wp\/v2\/posts"}],"about":[{"href":"https:\/\/emisoracolon.com.ar\/index.php\/wp-json\/wp\/v2\/types\/post"}],"author":[{"embeddable":true,"href":"https:\/\/emisoracolon.com.ar\/index.php\/wp-json\/wp\/v2\/users\/1"}],"replies":[{"embeddable":true,"href":"https:\/\/emisoracolon.com.ar\/index.php\/wp-json\/wp\/v2\/comments?post=8414"}],"version-history":[{"count":1,"href":"https:\/\/emisoracolon.com.ar\/index.php\/wp-json\/wp\/v2\/posts\/8414\/revisions"}],"predecessor-version":[{"id":8415,"href":"https:\/\/emisoracolon.com.ar\/index.php\/wp-json\/wp\/v2\/posts\/8414\/revisions\/8415"}],"wp:featuredmedia":[{"embeddable":true,"href":"https:\/\/emisoracolon.com.ar\/index.php\/wp-json\/wp\/v2\/media\/7752"}],"wp:attachment":[{"href":"https:\/\/emisoracolon.com.ar\/index.php\/wp-json\/wp\/v2\/media?parent=8414"}],"wp:term":[{"taxonomy":"category","embeddable":true,"href":"https:\/\/emisoracolon.com.ar\/index.php\/wp-json\/wp\/v2\/categories?post=8414"},{"taxonomy":"post_tag","embeddable":true,"href":"https:\/\/emisoracolon.com.ar\/index.php\/wp-json\/wp\/v2\/tags?post=8414"}],"curies":[{"name":"wp","href":"https:\/\/api.w.org\/{rel}","templated":true}]}}