{"id":8411,"date":"2025-09-25T16:49:05","date_gmt":"2025-09-25T19:49:05","guid":{"rendered":"https:\/\/emisoracolon.com.ar\/?p=8411"},"modified":"2025-09-25T16:49:05","modified_gmt":"2025-09-25T19:49:05","slug":"la-secundaria-n-4-de-pearson-tendra-su-edificio-propio","status":"publish","type":"post","link":"https:\/\/emisoracolon.com.ar\/index.php\/2025\/09\/25\/la-secundaria-n-4-de-pearson-tendra-su-edificio-propio\/","title":{"rendered":"La Secundaria N\u00b0 4 de Pearson tendr\u00e1 su edificio propio"},"content":{"rendered":"\n<p>Un sue\u00f1o largamente esperado por la comunidad educativa se pone en marcha: la Escuela Secundaria \u201cFelipe Gerardo Mauro\u201d contar\u00e1 con instalaciones nuevas y modernas.<\/p>\n\n\n\n<p>Quedar\u00e1 marcado como un acontecimiento hist\u00f3rico para la localidad de Pearson.<\/p>\n\n\n\n<p>La directora de la Escuela de Educaci\u00f3n Secundaria N\u00b0 4, Analia Sabate ya firm\u00f3 el acta del anteproyecto para la construcci\u00f3n del edificio propio de la instituci\u00f3n, que hasta ahora funciona en las instalaciones de la estaci\u00f3n del ferrocarril.<\/p>\n\n\n\n<p>La situaci\u00f3n actual siempre estuvo atravesada por cierta incertidumbre, ya que el inmueble es propiedad de Ferrocarriles Argentinos y, en caso de ser requerido, la escuela deb\u00eda devolverlo. Por eso, la confirmaci\u00f3n de la futura obra representa un gran alivio y un horizonte de crecimiento para la educaci\u00f3n local.<\/p>\n\n\n\n<p>El nuevo establecimiento estar\u00e1 ubicado en la intersecci\u00f3n de las calles 4 y 6 de Pearson, y contar\u00e1 con modernas instalaciones dise\u00f1adas para mejorar la calidad educativa:<\/p>\n\n\n\n<p>\u2022 Seis aulas totalmente equipadas.<\/p>\n\n\n\n<p>\u2022 Biblioteca y laboratorio.<\/p>\n\n\n\n<p>\u2022 Direcci\u00f3n, secretar\u00eda y preceptor\u00eda.<\/p>\n\n\n\n<p>\u2022 Patio interno y sal\u00f3n de usos m\u00faltiples (SUM).<\/p>\n\n\n\n<p>\u2022 Comedor estudiantil con servicio alimentario escolar garantizado.<\/p>\n\n\n\n<p>Seg\u00fan se anunci\u00f3, la construcci\u00f3n comenzar\u00e1 luego del receso de invierno de 2026, con financiamiento inicial del Fondo Educativo, abriendo la posibilidad de gestionar etapas posteriores para ampliar a\u00fan m\u00e1s la infraestructura.<\/p>\n\n\n\n<p>La noticia fue recibida con enorme entusiasmo por docentes, estudiantes y familias, que ven en este proyecto la concreci\u00f3n de un anhelo largamente esperado y un paso firme hacia el fortalecimiento de la educaci\u00f3n p\u00fablica en la localidad.<\/p>\n","protected":false},"excerpt":{"rendered":"<p>Un sue\u00f1o largamente esperado por la comunidad educativa se pone en marcha: la Escuela Secundaria \u201cFelipe Gerardo Mauro\u201d contar\u00e1 con instalaciones nuevas y modernas. Quedar\u00e1 marcado como un acontecimiento hist\u00f3rico para la&#8230;<\/p>\n","protected":false},"author":1,"featured_media":8412,"comment_status":"open","ping_status":"open","sticky":false,"template":"","format":"standard","meta":{"footnotes":""},"categories":[3],"tags":[],"class_list":["post-8411","post","type-post","status-publish","format-standard","has-post-thumbnail","hentry","category-general"],"_links":{"self":[{"href":"https:\/\/emisoracolon.com.ar\/index.php\/wp-json\/wp\/v2\/posts\/8411","targetHints":{"allow":["GET"]}}],"collection":[{"href":"https:\/\/emisoracolon.com.ar\/index.php\/wp-json\/wp\/v2\/posts"}],"about":[{"href":"https:\/\/emisoracolon.com.ar\/index.php\/wp-json\/wp\/v2\/types\/post"}],"author":[{"embeddable":true,"href":"https:\/\/emisoracolon.com.ar\/index.php\/wp-json\/wp\/v2\/users\/1"}],"replies":[{"embeddable":true,"href":"https:\/\/emisoracolon.com.ar\/index.php\/wp-json\/wp\/v2\/comments?post=8411"}],"version-history":[{"count":1,"href":"https:\/\/emisoracolon.com.ar\/index.php\/wp-json\/wp\/v2\/posts\/8411\/revisions"}],"predecessor-version":[{"id":8413,"href":"https:\/\/emisoracolon.com.ar\/index.php\/wp-json\/wp\/v2\/posts\/8411\/revisions\/8413"}],"wp:featuredmedia":[{"embeddable":true,"href":"https:\/\/emisoracolon.com.ar\/index.php\/wp-json\/wp\/v2\/media\/8412"}],"wp:attachment":[{"href":"https:\/\/emisoracolon.com.ar\/index.php\/wp-json\/wp\/v2\/media?parent=8411"}],"wp:term":[{"taxonomy":"category","embeddable":true,"href":"https:\/\/emisoracolon.com.ar\/index.php\/wp-json\/wp\/v2\/categories?post=8411"},{"taxonomy":"post_tag","embeddable":true,"href":"https:\/\/emisoracolon.com.ar\/index.php\/wp-json\/wp\/v2\/tags?post=8411"}],"curies":[{"name":"wp","href":"https:\/\/api.w.org\/{rel}","templated":true}]}}