{"id":8409,"date":"2025-09-25T16:46:41","date_gmt":"2025-09-25T19:46:41","guid":{"rendered":"https:\/\/emisoracolon.com.ar\/?p=8409"},"modified":"2025-09-25T16:46:41","modified_gmt":"2025-09-25T19:46:41","slug":"25-09-25-procesion-y-misa-en-honor-a-nuestra-senora-de-la-merced","status":"publish","type":"post","link":"https:\/\/emisoracolon.com.ar\/index.php\/2025\/09\/25\/25-09-25-procesion-y-misa-en-honor-a-nuestra-senora-de-la-merced\/","title":{"rendered":"25\/09\/25 Procesi\u00f3n y misa en honor a Nuestra Se\u00f1ora de la Merced"},"content":{"rendered":"\n<p>La comunidad de nuestra ciudad celebr\u00f3 ayer con gran fervor religioso el D\u00eda de la Patrona del Pueblo, Nuestra Se\u00f1ora de la Merced.<\/p>\n\n\n\n<p>La tradicional procesi\u00f3n parti\u00f3 desde la estaci\u00f3n de trenes, encabezada por la imagen de la Virgen, y recorri\u00f3 las principales calles del centro. Vecinos, familias, instituciones y grupos parroquiales acompa\u00f1aron con rezos, c\u00e1nticos y banderas, dando un marco de fe y devoci\u00f3n al caminar.<\/p>\n\n\n\n<p>Al llegar a la Parroquia Nuestra Se\u00f1ora de la Merced, en el amplio vered\u00f3n y parte de la calle, se celebr\u00f3 la Santa Misa, presidida por el p\u00e1rroco y concelebrada por sacerdotes invitados. Durante la homil\u00eda se destac\u00f3 la importancia de la Virgen como protectora y gu\u00eda de la comunidad, as\u00ed como el llamado a vivir la fe en unidad y solidaridad.<\/p>\n\n\n\n<p>Tras la celebraci\u00f3n lit\u00fargica, la jornada continu\u00f3 con festejos populares, que incluyeron presentaciones de m\u00fasica y danzas tradicionales, ofreciendo un espacio de encuentro y alegr\u00eda para toda la familia.<\/p>\n\n\n\n<p>El evento cont\u00f3 con una gran participaci\u00f3n de fieles y vecinos, que se sumaron en un clima de profunda espiritualidad, acompa\u00f1ado por una tarde soleada que realz\u00f3 a\u00fan m\u00e1s el esp\u00edritu festivo y comunitario de la conmemoraci\u00f3n.<\/p>\n","protected":false},"excerpt":{"rendered":"<p>La comunidad de nuestra ciudad celebr\u00f3 ayer con gran fervor religioso el D\u00eda de la Patrona del Pueblo, Nuestra Se\u00f1ora de la Merced. La tradicional procesi\u00f3n parti\u00f3 desde la estaci\u00f3n de trenes,&#8230;<\/p>\n","protected":false},"author":1,"featured_media":8393,"comment_status":"open","ping_status":"open","sticky":false,"template":"","format":"standard","meta":{"footnotes":""},"categories":[3],"tags":[],"class_list":["post-8409","post","type-post","status-publish","format-standard","has-post-thumbnail","hentry","category-general"],"_links":{"self":[{"href":"https:\/\/emisoracolon.com.ar\/index.php\/wp-json\/wp\/v2\/posts\/8409","targetHints":{"allow":["GET"]}}],"collection":[{"href":"https:\/\/emisoracolon.com.ar\/index.php\/wp-json\/wp\/v2\/posts"}],"about":[{"href":"https:\/\/emisoracolon.com.ar\/index.php\/wp-json\/wp\/v2\/types\/post"}],"author":[{"embeddable":true,"href":"https:\/\/emisoracolon.com.ar\/index.php\/wp-json\/wp\/v2\/users\/1"}],"replies":[{"embeddable":true,"href":"https:\/\/emisoracolon.com.ar\/index.php\/wp-json\/wp\/v2\/comments?post=8409"}],"version-history":[{"count":1,"href":"https:\/\/emisoracolon.com.ar\/index.php\/wp-json\/wp\/v2\/posts\/8409\/revisions"}],"predecessor-version":[{"id":8410,"href":"https:\/\/emisoracolon.com.ar\/index.php\/wp-json\/wp\/v2\/posts\/8409\/revisions\/8410"}],"wp:featuredmedia":[{"embeddable":true,"href":"https:\/\/emisoracolon.com.ar\/index.php\/wp-json\/wp\/v2\/media\/8393"}],"wp:attachment":[{"href":"https:\/\/emisoracolon.com.ar\/index.php\/wp-json\/wp\/v2\/media?parent=8409"}],"wp:term":[{"taxonomy":"category","embeddable":true,"href":"https:\/\/emisoracolon.com.ar\/index.php\/wp-json\/wp\/v2\/categories?post=8409"},{"taxonomy":"post_tag","embeddable":true,"href":"https:\/\/emisoracolon.com.ar\/index.php\/wp-json\/wp\/v2\/tags?post=8409"}],"curies":[{"name":"wp","href":"https:\/\/api.w.org\/{rel}","templated":true}]}}