{"id":8406,"date":"2025-09-24T17:53:23","date_gmt":"2025-09-24T20:53:23","guid":{"rendered":"https:\/\/emisoracolon.com.ar\/?p=8406"},"modified":"2025-09-24T17:53:23","modified_gmt":"2025-09-24T20:53:23","slug":"miercoles-24-de-septiembre-del-2025","status":"publish","type":"post","link":"https:\/\/emisoracolon.com.ar\/index.php\/2025\/09\/24\/miercoles-24-de-septiembre-del-2025\/","title":{"rendered":"Mi\u00e9rcoles, 24 de septiembre del 2025"},"content":{"rendered":"\n<p><strong>Fallecimiento<\/strong><\/p>\n\n\n\n<p>Hoy a las 10:00 fue trasladado al Cementerio Parque donde ser\u00e1 cremado, Pedro Oscar Mendoza que falleci\u00f3 ayer a los 86 a\u00f1os. El velatorio tuvo lugar en la Sala (1) de la Sociedad Popular de Servicios F\u00fanebres y la casa de duelo en 41 entre 17 y 18. Servicio adherido a la Cooperativa El\u00e9ctrica de Col\u00f3n.<\/p>\n\n\n\n<p><strong>24\/09\/25 \u2013 Fallecimiento<\/strong><\/p>\n\n\n\n<p>Hoy a las 11:00 recibi\u00f3 sepultura en el Cementerio Parque El Prado, Roberto Pedro Montardit que falleci\u00f3 a los 72 a\u00f1os. El velatorio tuvo lugar en la Sala (2) de la Sociedad Popular de Servicios F\u00fanebres y la casa de duelo en 19 entre 51 y 52. Servicio adherido a la Cooperativa El\u00e9ctrica de Col\u00f3n.<\/p>\n","protected":false},"excerpt":{"rendered":"<p>Fallecimiento Hoy a las 10:00 fue trasladado al Cementerio Parque donde ser\u00e1 cremado, Pedro Oscar Mendoza que falleci\u00f3 ayer a los 86 a\u00f1os. El velatorio tuvo lugar en la Sala (1) de&#8230;<\/p>\n","protected":false},"author":1,"featured_media":3438,"comment_status":"open","ping_status":"open","sticky":false,"template":"","format":"standard","meta":{"footnotes":""},"categories":[8],"tags":[],"class_list":["post-8406","post","type-post","status-publish","format-standard","has-post-thumbnail","hentry","category-necrologicas"],"_links":{"self":[{"href":"https:\/\/emisoracolon.com.ar\/index.php\/wp-json\/wp\/v2\/posts\/8406","targetHints":{"allow":["GET"]}}],"collection":[{"href":"https:\/\/emisoracolon.com.ar\/index.php\/wp-json\/wp\/v2\/posts"}],"about":[{"href":"https:\/\/emisoracolon.com.ar\/index.php\/wp-json\/wp\/v2\/types\/post"}],"author":[{"embeddable":true,"href":"https:\/\/emisoracolon.com.ar\/index.php\/wp-json\/wp\/v2\/users\/1"}],"replies":[{"embeddable":true,"href":"https:\/\/emisoracolon.com.ar\/index.php\/wp-json\/wp\/v2\/comments?post=8406"}],"version-history":[{"count":1,"href":"https:\/\/emisoracolon.com.ar\/index.php\/wp-json\/wp\/v2\/posts\/8406\/revisions"}],"predecessor-version":[{"id":8407,"href":"https:\/\/emisoracolon.com.ar\/index.php\/wp-json\/wp\/v2\/posts\/8406\/revisions\/8407"}],"wp:featuredmedia":[{"embeddable":true,"href":"https:\/\/emisoracolon.com.ar\/index.php\/wp-json\/wp\/v2\/media\/3438"}],"wp:attachment":[{"href":"https:\/\/emisoracolon.com.ar\/index.php\/wp-json\/wp\/v2\/media?parent=8406"}],"wp:term":[{"taxonomy":"category","embeddable":true,"href":"https:\/\/emisoracolon.com.ar\/index.php\/wp-json\/wp\/v2\/categories?post=8406"},{"taxonomy":"post_tag","embeddable":true,"href":"https:\/\/emisoracolon.com.ar\/index.php\/wp-json\/wp\/v2\/tags?post=8406"}],"curies":[{"name":"wp","href":"https:\/\/api.w.org\/{rel}","templated":true}]}}