{"id":8400,"date":"2025-09-23T16:41:24","date_gmt":"2025-09-23T19:41:24","guid":{"rendered":"https:\/\/emisoracolon.com.ar\/?p=8400"},"modified":"2025-09-23T16:41:24","modified_gmt":"2025-09-23T19:41:24","slug":"nueva-fecha-para-recibir-la-primavera","status":"publish","type":"post","link":"https:\/\/emisoracolon.com.ar\/index.php\/2025\/09\/23\/nueva-fecha-para-recibir-la-primavera\/","title":{"rendered":"Nueva fecha para recibir la primavera"},"content":{"rendered":"\n<p>El pr\u00f3ximo domingo 28 de septiembre proponen recibir la primavera y a festejar el D\u00eda del Estudiante con una gran fiesta en Bv 17 de 47 a 48.<\/p>\n\n\n\n<p>Luego de la suspensi\u00f3n del s\u00e1bado pasado por la fuerte lluvia, se reitera la convocatoria con m\u00fasica en vivo, artes pl\u00e1sticas y puestos con emprendedores. Comienza a las 18 horas.<\/p>\n\n\n\n<p>Si sos un o una joven emprendedor\/ra y quer\u00e9s participar de la fiesta, ten\u00e9s que concurrir a la Direcci\u00f3n de Producci\u00f3n y Empleo (49 y 16) de 8 a 13 hasta el 18\/9. Te dejamos el tel\u00e9fono para cualquier consulta: 423337.<\/p>\n","protected":false},"excerpt":{"rendered":"<p>El pr\u00f3ximo domingo 28 de septiembre proponen recibir la primavera y a festejar el D\u00eda del Estudiante con una gran fiesta en Bv 17 de 47 a 48. Luego de la suspensi\u00f3n&#8230;<\/p>\n","protected":false},"author":1,"featured_media":8401,"comment_status":"open","ping_status":"open","sticky":false,"template":"","format":"standard","meta":{"footnotes":""},"categories":[7,3],"tags":[],"class_list":["post-8400","post","type-post","status-publish","format-standard","has-post-thumbnail","hentry","category-cultura","category-general"],"_links":{"self":[{"href":"https:\/\/emisoracolon.com.ar\/index.php\/wp-json\/wp\/v2\/posts\/8400","targetHints":{"allow":["GET"]}}],"collection":[{"href":"https:\/\/emisoracolon.com.ar\/index.php\/wp-json\/wp\/v2\/posts"}],"about":[{"href":"https:\/\/emisoracolon.com.ar\/index.php\/wp-json\/wp\/v2\/types\/post"}],"author":[{"embeddable":true,"href":"https:\/\/emisoracolon.com.ar\/index.php\/wp-json\/wp\/v2\/users\/1"}],"replies":[{"embeddable":true,"href":"https:\/\/emisoracolon.com.ar\/index.php\/wp-json\/wp\/v2\/comments?post=8400"}],"version-history":[{"count":1,"href":"https:\/\/emisoracolon.com.ar\/index.php\/wp-json\/wp\/v2\/posts\/8400\/revisions"}],"predecessor-version":[{"id":8402,"href":"https:\/\/emisoracolon.com.ar\/index.php\/wp-json\/wp\/v2\/posts\/8400\/revisions\/8402"}],"wp:featuredmedia":[{"embeddable":true,"href":"https:\/\/emisoracolon.com.ar\/index.php\/wp-json\/wp\/v2\/media\/8401"}],"wp:attachment":[{"href":"https:\/\/emisoracolon.com.ar\/index.php\/wp-json\/wp\/v2\/media?parent=8400"}],"wp:term":[{"taxonomy":"category","embeddable":true,"href":"https:\/\/emisoracolon.com.ar\/index.php\/wp-json\/wp\/v2\/categories?post=8400"},{"taxonomy":"post_tag","embeddable":true,"href":"https:\/\/emisoracolon.com.ar\/index.php\/wp-json\/wp\/v2\/tags?post=8400"}],"curies":[{"name":"wp","href":"https:\/\/api.w.org\/{rel}","templated":true}]}}