{"id":84,"date":"2024-03-27T18:35:59","date_gmt":"2024-03-27T21:35:59","guid":{"rendered":"https:\/\/emisoracolon.com.ar\/?p=84"},"modified":"2024-03-27T18:35:59","modified_gmt":"2024-03-27T21:35:59","slug":"termino-el-horario-de-verano-para-los-bancos","status":"publish","type":"post","link":"https:\/\/emisoracolon.com.ar\/index.php\/2024\/03\/27\/termino-el-horario-de-verano-para-los-bancos\/","title":{"rendered":"Termin\u00f3 el horario de verano para los bancos"},"content":{"rendered":"\n<p>A partir del mi\u00e9rcoles 3 de abril los bancos bonaerenses volver\u00e1n a atender de 10:00 a 15:00. Antes habr\u00e1 seis d\u00edas sin atenci\u00f3n presencial en las sucursales.<\/p>\n\n\n\n<p>Los bancos p\u00fablicos y privados que operan en la provincia de Buenos Aires cambiar\u00e1n el horario de atenci\u00f3n a partir del pr\u00f3ximo mi\u00e9rcoles 3 de abril, luego del fin de semana extralargo que une los feriados de Semana Santa y el D\u00eda del Veterano y los Ca\u00eddos en la Guerra de Malvinas. De esta manera, adem\u00e1s, hay que tener en cuenta que las entidades bancarias permanecer\u00e1n cerradas durante seis d\u00edas.<\/p>\n\n\n\n<p>A partir del mi\u00e9rcoles de la semana que viene quedar\u00e1 atr\u00e1s el &#8220;horario de verano&#8221; de 8:00 a 13:00 para atenci\u00f3n al p\u00fablico, para retomar la franja de 10:00 a 15:00, seg\u00fan indic\u00f3 el gremio.<\/p>\n\n\n\n<p><\/p>\n","protected":false},"excerpt":{"rendered":"<p>A partir del mi\u00e9rcoles 3 de abril los bancos bonaerenses volver\u00e1n a atender de 10:00 a 15:00. Antes habr\u00e1 seis d\u00edas sin atenci\u00f3n presencial en las sucursales. Los bancos p\u00fablicos y privados&#8230;<\/p>\n","protected":false},"author":2,"featured_media":85,"comment_status":"open","ping_status":"open","sticky":false,"template":"","format":"standard","meta":{"footnotes":""},"categories":[3,5,4],"tags":[],"class_list":["post-84","post","type-post","status-publish","format-standard","has-post-thumbnail","hentry","category-general","category-politica_local","category-politica_nacional"],"_links":{"self":[{"href":"https:\/\/emisoracolon.com.ar\/index.php\/wp-json\/wp\/v2\/posts\/84","targetHints":{"allow":["GET"]}}],"collection":[{"href":"https:\/\/emisoracolon.com.ar\/index.php\/wp-json\/wp\/v2\/posts"}],"about":[{"href":"https:\/\/emisoracolon.com.ar\/index.php\/wp-json\/wp\/v2\/types\/post"}],"author":[{"embeddable":true,"href":"https:\/\/emisoracolon.com.ar\/index.php\/wp-json\/wp\/v2\/users\/2"}],"replies":[{"embeddable":true,"href":"https:\/\/emisoracolon.com.ar\/index.php\/wp-json\/wp\/v2\/comments?post=84"}],"version-history":[{"count":1,"href":"https:\/\/emisoracolon.com.ar\/index.php\/wp-json\/wp\/v2\/posts\/84\/revisions"}],"predecessor-version":[{"id":86,"href":"https:\/\/emisoracolon.com.ar\/index.php\/wp-json\/wp\/v2\/posts\/84\/revisions\/86"}],"wp:featuredmedia":[{"embeddable":true,"href":"https:\/\/emisoracolon.com.ar\/index.php\/wp-json\/wp\/v2\/media\/85"}],"wp:attachment":[{"href":"https:\/\/emisoracolon.com.ar\/index.php\/wp-json\/wp\/v2\/media?parent=84"}],"wp:term":[{"taxonomy":"category","embeddable":true,"href":"https:\/\/emisoracolon.com.ar\/index.php\/wp-json\/wp\/v2\/categories?post=84"},{"taxonomy":"post_tag","embeddable":true,"href":"https:\/\/emisoracolon.com.ar\/index.php\/wp-json\/wp\/v2\/tags?post=84"}],"curies":[{"name":"wp","href":"https:\/\/api.w.org\/{rel}","templated":true}]}}