{"id":8392,"date":"2025-09-23T16:37:16","date_gmt":"2025-09-23T19:37:16","guid":{"rendered":"https:\/\/emisoracolon.com.ar\/?p=8392"},"modified":"2025-09-23T16:37:16","modified_gmt":"2025-09-23T19:37:16","slug":"dia-no-laborable","status":"publish","type":"post","link":"https:\/\/emisoracolon.com.ar\/index.php\/2025\/09\/23\/dia-no-laborable\/","title":{"rendered":"D\u00eda no laborable"},"content":{"rendered":"\n<p>Recordemos que ma\u00f1ana mi\u00e9rcoles 24 ser\u00e1 d\u00eda no laborable en nuestro Partido de Col\u00f3n. Lo ser\u00e1 en el marco de las Fiestas Patronales, ya que se trata del d\u00eda de la Virgen de la Merced.<\/p>\n\n\n\n<p>La medida alcanza a la Administraci\u00f3n P\u00fablica y al Banco Provincia, y ser\u00e1 optativa para la industria, comercio y dem\u00e1s actividades.<\/p>\n\n\n\n<p>Cooperativa El\u00e9ctrica<\/p>\n\n\n\n<p>Informaron desde la Cooperativa El\u00e9ctrica que este mi\u00e9rcoles 24 de septiembre, con motivo del D\u00eda de la Virgen de la Merced, Patrona de nuestra ciudad (jornada no laborable), atender\u00e1 al p\u00fablico hasta las 12:00 en todos los sectores.<\/p>\n","protected":false},"excerpt":{"rendered":"<p>Recordemos que ma\u00f1ana mi\u00e9rcoles 24 ser\u00e1 d\u00eda no laborable en nuestro Partido de Col\u00f3n. Lo ser\u00e1 en el marco de las Fiestas Patronales, ya que se trata del d\u00eda de la Virgen&#8230;<\/p>\n","protected":false},"author":1,"featured_media":8393,"comment_status":"open","ping_status":"open","sticky":false,"template":"","format":"standard","meta":{"footnotes":""},"categories":[3],"tags":[],"class_list":["post-8392","post","type-post","status-publish","format-standard","has-post-thumbnail","hentry","category-general"],"_links":{"self":[{"href":"https:\/\/emisoracolon.com.ar\/index.php\/wp-json\/wp\/v2\/posts\/8392","targetHints":{"allow":["GET"]}}],"collection":[{"href":"https:\/\/emisoracolon.com.ar\/index.php\/wp-json\/wp\/v2\/posts"}],"about":[{"href":"https:\/\/emisoracolon.com.ar\/index.php\/wp-json\/wp\/v2\/types\/post"}],"author":[{"embeddable":true,"href":"https:\/\/emisoracolon.com.ar\/index.php\/wp-json\/wp\/v2\/users\/1"}],"replies":[{"embeddable":true,"href":"https:\/\/emisoracolon.com.ar\/index.php\/wp-json\/wp\/v2\/comments?post=8392"}],"version-history":[{"count":1,"href":"https:\/\/emisoracolon.com.ar\/index.php\/wp-json\/wp\/v2\/posts\/8392\/revisions"}],"predecessor-version":[{"id":8394,"href":"https:\/\/emisoracolon.com.ar\/index.php\/wp-json\/wp\/v2\/posts\/8392\/revisions\/8394"}],"wp:featuredmedia":[{"embeddable":true,"href":"https:\/\/emisoracolon.com.ar\/index.php\/wp-json\/wp\/v2\/media\/8393"}],"wp:attachment":[{"href":"https:\/\/emisoracolon.com.ar\/index.php\/wp-json\/wp\/v2\/media?parent=8392"}],"wp:term":[{"taxonomy":"category","embeddable":true,"href":"https:\/\/emisoracolon.com.ar\/index.php\/wp-json\/wp\/v2\/categories?post=8392"},{"taxonomy":"post_tag","embeddable":true,"href":"https:\/\/emisoracolon.com.ar\/index.php\/wp-json\/wp\/v2\/tags?post=8392"}],"curies":[{"name":"wp","href":"https:\/\/api.w.org\/{rel}","templated":true}]}}