{"id":8387,"date":"2025-09-23T16:34:47","date_gmt":"2025-09-23T19:34:47","guid":{"rendered":"https:\/\/emisoracolon.com.ar\/?p=8387"},"modified":"2025-09-23T16:34:47","modified_gmt":"2025-09-23T19:34:47","slug":"trabajan-en-la-llegada-de-la-aplicacion-alerta-911-a-colon","status":"publish","type":"post","link":"https:\/\/emisoracolon.com.ar\/index.php\/2025\/09\/23\/trabajan-en-la-llegada-de-la-aplicacion-alerta-911-a-colon\/","title":{"rendered":"Trabajan en la llegada de la aplicaci\u00f3n \u201cAlerta 911\u201d a Col\u00f3n"},"content":{"rendered":"\n<p>La Municipalidad de Col\u00f3n avanza en la implementaci\u00f3n de la aplicaci\u00f3n \u201cAlerta 911\u201d, un canal directo con el sistema de emergencias que permite enviar alertas geolocalizadas, fotos, audios o videos desde el celular, facilitando una respuesta m\u00e1s r\u00e1pida y eficaz ante cualquier situaci\u00f3n de riesgo.<\/p>\n\n\n\n<p>En ese marco, d\u00edas atr\u00e1s se desarroll\u00f3 una reuni\u00f3n con el Centro de Comerciantes de Col\u00f3n para coordinar su puesta en marcha y avanzar en las capacitaciones. El proyecto tambi\u00e9n fue tratado en el Honorable Concejo Deliberante, dando un paso clave hacia su aprobaci\u00f3n y posterior implementaci\u00f3n.<\/p>\n\n\n\n<p>Desde la Municipalidad destacaron que de esta manera se siguen brindando herramientas para que los comerciantes trabajen m\u00e1s seguros, con el acompa\u00f1amiento del Ministerio de Seguridad de la Provincia de Buenos Aires.<\/p>\n\n\n\n<p>Si bien en Col\u00f3n se aplicar\u00e1 con el objetivo de mejorar la seguridad de los comercios, el Sistema de Atenci\u00f3n Telef\u00f3nica de Emergencias de la Provincia de Buenos Aires tiene una cobertura m\u00e1s amplia. Fue creado en el \u00e1mbito del Ministerio de Seguridad provincial, bajo la \u00f3rbita de la Subsecretar\u00eda de Coordinaci\u00f3n y Log\u00edstica Operativa, como un servicio exclusivo de atenci\u00f3n de emergencias.<\/p>\n\n\n\n<p>El sistema es gratuito, permanente, de f\u00e1cil uso y r\u00e1pido acceso, y permite dar respuesta inmediata ante circunstancias, necesidades o cat\u00e1strofes de car\u00e1cter urgente, que puedan comprometer la vida, la libertad, la integridad y la seguridad de las personas o de sus bienes, y que requieran un auxilio inmediato.<\/p>\n","protected":false},"excerpt":{"rendered":"<p>La Municipalidad de Col\u00f3n avanza en la implementaci\u00f3n de la aplicaci\u00f3n \u201cAlerta 911\u201d, un canal directo con el sistema de emergencias que permite enviar alertas geolocalizadas, fotos, audios o videos desde el&#8230;<\/p>\n","protected":false},"author":1,"featured_media":8388,"comment_status":"open","ping_status":"open","sticky":false,"template":"","format":"standard","meta":{"footnotes":""},"categories":[3],"tags":[],"class_list":["post-8387","post","type-post","status-publish","format-standard","has-post-thumbnail","hentry","category-general"],"_links":{"self":[{"href":"https:\/\/emisoracolon.com.ar\/index.php\/wp-json\/wp\/v2\/posts\/8387","targetHints":{"allow":["GET"]}}],"collection":[{"href":"https:\/\/emisoracolon.com.ar\/index.php\/wp-json\/wp\/v2\/posts"}],"about":[{"href":"https:\/\/emisoracolon.com.ar\/index.php\/wp-json\/wp\/v2\/types\/post"}],"author":[{"embeddable":true,"href":"https:\/\/emisoracolon.com.ar\/index.php\/wp-json\/wp\/v2\/users\/1"}],"replies":[{"embeddable":true,"href":"https:\/\/emisoracolon.com.ar\/index.php\/wp-json\/wp\/v2\/comments?post=8387"}],"version-history":[{"count":1,"href":"https:\/\/emisoracolon.com.ar\/index.php\/wp-json\/wp\/v2\/posts\/8387\/revisions"}],"predecessor-version":[{"id":8389,"href":"https:\/\/emisoracolon.com.ar\/index.php\/wp-json\/wp\/v2\/posts\/8387\/revisions\/8389"}],"wp:featuredmedia":[{"embeddable":true,"href":"https:\/\/emisoracolon.com.ar\/index.php\/wp-json\/wp\/v2\/media\/8388"}],"wp:attachment":[{"href":"https:\/\/emisoracolon.com.ar\/index.php\/wp-json\/wp\/v2\/media?parent=8387"}],"wp:term":[{"taxonomy":"category","embeddable":true,"href":"https:\/\/emisoracolon.com.ar\/index.php\/wp-json\/wp\/v2\/categories?post=8387"},{"taxonomy":"post_tag","embeddable":true,"href":"https:\/\/emisoracolon.com.ar\/index.php\/wp-json\/wp\/v2\/tags?post=8387"}],"curies":[{"name":"wp","href":"https:\/\/api.w.org\/{rel}","templated":true}]}}