{"id":8385,"date":"2025-09-23T16:31:51","date_gmt":"2025-09-23T19:31:51","guid":{"rendered":"https:\/\/emisoracolon.com.ar\/?p=8385"},"modified":"2025-09-23T16:31:51","modified_gmt":"2025-09-23T19:31:51","slug":"corte-energia-para-mantener-la-red","status":"publish","type":"post","link":"https:\/\/emisoracolon.com.ar\/index.php\/2025\/09\/23\/corte-energia-para-mantener-la-red\/","title":{"rendered":"Corte energ\u00eda para mantener la red"},"content":{"rendered":"\n<p>Inform\u00f3 la Cooperativa El\u00e9ctrica que ma\u00f1ana realizar\u00e1 un corte de energ\u00eda por tareas de mantenimiento y mejoras en el servicio, se realizar\u00e1 la interrupci\u00f3n del suministro el\u00e9ctrico:<\/p>\n\n\n\n<p>Se extender\u00e1 de 07:30 a 11:00 y comprende las calles 47: ambas veredas de 17 a 18, vereda par de 18 a 19 y vereda impar hasta calle 49.<\/p>\n\n\n\n<p>Calles 17 a 19: vereda impar de calle 47 y vereda par hasta calle 19.<\/p>\n","protected":false},"excerpt":{"rendered":"<p>Inform\u00f3 la Cooperativa El\u00e9ctrica que ma\u00f1ana realizar\u00e1 un corte de energ\u00eda por tareas de mantenimiento y mejoras en el servicio, se realizar\u00e1 la interrupci\u00f3n del suministro el\u00e9ctrico: Se extender\u00e1 de 07:30 a&#8230;<\/p>\n","protected":false},"author":1,"featured_media":472,"comment_status":"open","ping_status":"open","sticky":false,"template":"","format":"standard","meta":{"footnotes":""},"categories":[3],"tags":[],"class_list":["post-8385","post","type-post","status-publish","format-standard","has-post-thumbnail","hentry","category-general"],"_links":{"self":[{"href":"https:\/\/emisoracolon.com.ar\/index.php\/wp-json\/wp\/v2\/posts\/8385","targetHints":{"allow":["GET"]}}],"collection":[{"href":"https:\/\/emisoracolon.com.ar\/index.php\/wp-json\/wp\/v2\/posts"}],"about":[{"href":"https:\/\/emisoracolon.com.ar\/index.php\/wp-json\/wp\/v2\/types\/post"}],"author":[{"embeddable":true,"href":"https:\/\/emisoracolon.com.ar\/index.php\/wp-json\/wp\/v2\/users\/1"}],"replies":[{"embeddable":true,"href":"https:\/\/emisoracolon.com.ar\/index.php\/wp-json\/wp\/v2\/comments?post=8385"}],"version-history":[{"count":1,"href":"https:\/\/emisoracolon.com.ar\/index.php\/wp-json\/wp\/v2\/posts\/8385\/revisions"}],"predecessor-version":[{"id":8386,"href":"https:\/\/emisoracolon.com.ar\/index.php\/wp-json\/wp\/v2\/posts\/8385\/revisions\/8386"}],"wp:featuredmedia":[{"embeddable":true,"href":"https:\/\/emisoracolon.com.ar\/index.php\/wp-json\/wp\/v2\/media\/472"}],"wp:attachment":[{"href":"https:\/\/emisoracolon.com.ar\/index.php\/wp-json\/wp\/v2\/media?parent=8385"}],"wp:term":[{"taxonomy":"category","embeddable":true,"href":"https:\/\/emisoracolon.com.ar\/index.php\/wp-json\/wp\/v2\/categories?post=8385"},{"taxonomy":"post_tag","embeddable":true,"href":"https:\/\/emisoracolon.com.ar\/index.php\/wp-json\/wp\/v2\/tags?post=8385"}],"curies":[{"name":"wp","href":"https:\/\/api.w.org\/{rel}","templated":true}]}}