{"id":8381,"date":"2025-09-22T16:47:01","date_gmt":"2025-09-22T19:47:01","guid":{"rendered":"https:\/\/emisoracolon.com.ar\/?p=8381"},"modified":"2025-09-22T16:47:01","modified_gmt":"2025-09-22T19:47:01","slug":"colon-arenales-barracas-gano-en-ascension-y-porteno-empato-de-visitante","status":"publish","type":"post","link":"https:\/\/emisoracolon.com.ar\/index.php\/2025\/09\/22\/colon-arenales-barracas-gano-en-ascension-y-porteno-empato-de-visitante\/","title":{"rendered":"Col\u00f3n Arenales: Barracas gan\u00f3 en Ascensi\u00f3n y Porte\u00f1o empat\u00f3 de visitante"},"content":{"rendered":"\n<p>La jornada del domingo dej\u00f3 triunfos, empates y una suspensi\u00f3n por el mal estado del campo de juego.<\/p>\n\n\n\n<p>En Ascensi\u00f3n, Barracas venci\u00f3 2 a 0 a Hurac\u00e1n. El primer gol lo convirti\u00f3 su arquero, Agust\u00edn Bianchi, a los 48 minutos, mientras que Eric Gonz\u00e1lez Figueredo marc\u00f3 el segundo a los 33 del complemento. En el preliminar de Reserva fue empate 2 a 2.<\/p>\n\n\n\n<p>En Ascensi\u00f3n tambi\u00e9n, Belgrano y Porte\u00f1o igualaron 1 a 1. Para el conjunto de nuestra ciudad convirti\u00f3 Lucas Romero. En Reserva, el local gole\u00f3 4 a 0.<\/p>\n\n\n\n<p>En Ferr\u00e9, Doce de Octubre gole\u00f3 5 a 0 a Agustina, mientras que en Reserva terminaron 2 a 2.<\/p>\n\n\n\n<p>Por su parte, el partido entre Racing y Singlar qued\u00f3 suspendido debido a que la cancha presentaba abundante agua en distintos sectores, incluso en los espacios destinados al p\u00fablico.<\/p>\n\n\n\n<p>La fecha hab\u00eda comenzado el viernes con dos encuentros:<\/p>\n\n\n\n<p>Colonial, \u00faltimo campe\u00f3n, le gan\u00f3 3 a 2 a 9 de Julio. El local arranc\u00f3 arriba por un gol en contra de Alejandro Ber\u00f3n a los 18 minutos, pero 9 de Julio lo dio vuelta con tantos de Federico Ber\u00f3n (35\u2019) y Valent\u00edn Salles (39\u2019). El equipo visitante resisti\u00f3 hasta el final, pero en la recta decisiva Gonzalo Policani (83\u2019) y Rosendo Preciado (90\u2019) sellaron el triunfo para Colonial<\/p>\n\n\n\n<p>En Arenales, el local derrot\u00f3 2 a 1 a Social. El visitante abri\u00f3 el marcador a los 19 minutos con gol de Jon\u00e1s Bernardi, pero el conjunto de Arenales reaccion\u00f3 y lo dio vuelta con dos conquistas de Jos\u00e9 Ag\u00fcero a los 66 y 81 minutos.<\/p>\n","protected":false},"excerpt":{"rendered":"<p>La jornada del domingo dej\u00f3 triunfos, empates y una suspensi\u00f3n por el mal estado del campo de juego. En Ascensi\u00f3n, Barracas venci\u00f3 2 a 0 a Hurac\u00e1n. El primer gol lo convirti\u00f3&#8230;<\/p>\n","protected":false},"author":1,"featured_media":4738,"comment_status":"open","ping_status":"open","sticky":false,"template":"","format":"standard","meta":{"footnotes":""},"categories":[6],"tags":[],"class_list":["post-8381","post","type-post","status-publish","format-standard","has-post-thumbnail","hentry","category-deportes"],"_links":{"self":[{"href":"https:\/\/emisoracolon.com.ar\/index.php\/wp-json\/wp\/v2\/posts\/8381","targetHints":{"allow":["GET"]}}],"collection":[{"href":"https:\/\/emisoracolon.com.ar\/index.php\/wp-json\/wp\/v2\/posts"}],"about":[{"href":"https:\/\/emisoracolon.com.ar\/index.php\/wp-json\/wp\/v2\/types\/post"}],"author":[{"embeddable":true,"href":"https:\/\/emisoracolon.com.ar\/index.php\/wp-json\/wp\/v2\/users\/1"}],"replies":[{"embeddable":true,"href":"https:\/\/emisoracolon.com.ar\/index.php\/wp-json\/wp\/v2\/comments?post=8381"}],"version-history":[{"count":1,"href":"https:\/\/emisoracolon.com.ar\/index.php\/wp-json\/wp\/v2\/posts\/8381\/revisions"}],"predecessor-version":[{"id":8382,"href":"https:\/\/emisoracolon.com.ar\/index.php\/wp-json\/wp\/v2\/posts\/8381\/revisions\/8382"}],"wp:featuredmedia":[{"embeddable":true,"href":"https:\/\/emisoracolon.com.ar\/index.php\/wp-json\/wp\/v2\/media\/4738"}],"wp:attachment":[{"href":"https:\/\/emisoracolon.com.ar\/index.php\/wp-json\/wp\/v2\/media?parent=8381"}],"wp:term":[{"taxonomy":"category","embeddable":true,"href":"https:\/\/emisoracolon.com.ar\/index.php\/wp-json\/wp\/v2\/categories?post=8381"},{"taxonomy":"post_tag","embeddable":true,"href":"https:\/\/emisoracolon.com.ar\/index.php\/wp-json\/wp\/v2\/tags?post=8381"}],"curies":[{"name":"wp","href":"https:\/\/api.w.org\/{rel}","templated":true}]}}