{"id":8375,"date":"2025-09-22T16:42:30","date_gmt":"2025-09-22T19:42:30","guid":{"rendered":"https:\/\/emisoracolon.com.ar\/?p=8375"},"modified":"2025-09-22T16:42:30","modified_gmt":"2025-09-22T19:42:30","slug":"anuncian-que-reprogramaran-los-festejos-oficiales-por-la-primavera","status":"publish","type":"post","link":"https:\/\/emisoracolon.com.ar\/index.php\/2025\/09\/22\/anuncian-que-reprogramaran-los-festejos-oficiales-por-la-primavera\/","title":{"rendered":"Anuncian que reprogramar\u00e1n los festejos oficiales por la Primavera"},"content":{"rendered":"\n<p>Los 28 mil\u00edmetros de agua ca\u00edda durante la tarde del s\u00e1bado impidieron llevar adelante la programaci\u00f3n prevista por el D\u00eda del Estudiante y la llegada de la primavera.<\/p>\n\n\n\n<p>La primera actividad estaba anunciada para el s\u00e1bado a las 18:00, pero dos horas antes comenz\u00f3 a llover con intensidad, motivo por el cual todo fue postergado y ser\u00e1 reprogramado. En el bulevar 17, entre calles 47 y 49, se iban a presentar m\u00fasica en vivo, artes pl\u00e1sticas y emprendedores.<\/p>\n\n\n\n<p>Por la misma raz\u00f3n tambi\u00e9n qued\u00f3 suspendida la Feria de Artesanos, Emprendedores y Gastron\u00f3micos, programada para ayer en la plaza con m\u00fasica en vivo. Si bien ya no llov\u00eda, el piso no se encontraba en condiciones para la instalaci\u00f3n de los stands, m\u00e1s a\u00fan considerando el uso de energ\u00eda el\u00e9ctrica.<\/p>\n\n\n\n<p>Se inform\u00f3 que la jornada ser\u00e1 reprogramada en una nueva fecha.<\/p>\n","protected":false},"excerpt":{"rendered":"<p>Los 28 mil\u00edmetros de agua ca\u00edda durante la tarde del s\u00e1bado impidieron llevar adelante la programaci\u00f3n prevista por el D\u00eda del Estudiante y la llegada de la primavera. La primera actividad estaba&#8230;<\/p>\n","protected":false},"author":1,"featured_media":8376,"comment_status":"open","ping_status":"open","sticky":false,"template":"","format":"standard","meta":{"footnotes":""},"categories":[7,3],"tags":[],"class_list":["post-8375","post","type-post","status-publish","format-standard","has-post-thumbnail","hentry","category-cultura","category-general"],"_links":{"self":[{"href":"https:\/\/emisoracolon.com.ar\/index.php\/wp-json\/wp\/v2\/posts\/8375","targetHints":{"allow":["GET"]}}],"collection":[{"href":"https:\/\/emisoracolon.com.ar\/index.php\/wp-json\/wp\/v2\/posts"}],"about":[{"href":"https:\/\/emisoracolon.com.ar\/index.php\/wp-json\/wp\/v2\/types\/post"}],"author":[{"embeddable":true,"href":"https:\/\/emisoracolon.com.ar\/index.php\/wp-json\/wp\/v2\/users\/1"}],"replies":[{"embeddable":true,"href":"https:\/\/emisoracolon.com.ar\/index.php\/wp-json\/wp\/v2\/comments?post=8375"}],"version-history":[{"count":1,"href":"https:\/\/emisoracolon.com.ar\/index.php\/wp-json\/wp\/v2\/posts\/8375\/revisions"}],"predecessor-version":[{"id":8377,"href":"https:\/\/emisoracolon.com.ar\/index.php\/wp-json\/wp\/v2\/posts\/8375\/revisions\/8377"}],"wp:featuredmedia":[{"embeddable":true,"href":"https:\/\/emisoracolon.com.ar\/index.php\/wp-json\/wp\/v2\/media\/8376"}],"wp:attachment":[{"href":"https:\/\/emisoracolon.com.ar\/index.php\/wp-json\/wp\/v2\/media?parent=8375"}],"wp:term":[{"taxonomy":"category","embeddable":true,"href":"https:\/\/emisoracolon.com.ar\/index.php\/wp-json\/wp\/v2\/categories?post=8375"},{"taxonomy":"post_tag","embeddable":true,"href":"https:\/\/emisoracolon.com.ar\/index.php\/wp-json\/wp\/v2\/tags?post=8375"}],"curies":[{"name":"wp","href":"https:\/\/api.w.org\/{rel}","templated":true}]}}