{"id":8372,"date":"2025-09-22T16:40:22","date_gmt":"2025-09-22T19:40:22","guid":{"rendered":"https:\/\/emisoracolon.com.ar\/?p=8372"},"modified":"2025-09-22T16:40:22","modified_gmt":"2025-09-22T19:40:22","slug":"fiesta-de-las-jubiladas-y-jubilados","status":"publish","type":"post","link":"https:\/\/emisoracolon.com.ar\/index.php\/2025\/09\/22\/fiesta-de-las-jubiladas-y-jubilados\/","title":{"rendered":"Fiesta de las Jubiladas y Jubilados"},"content":{"rendered":"\n<p>Durante el fin de semana se celebr\u00f3 la Fiesta de las Jubiladas y Jubilados, que tuvo lugar el viernes 19 desde las 15:00 en la sede de la Asociaci\u00f3n de Jubilados y Pensionados, ubicada en calle 47 entre 24 y 25.<\/p>\n\n\n\n<p>El encuentro fue organizado de manera conjunta por la Asociaci\u00f3n y el Centro de Jubilados D\u00eda Feliz, con el acompa\u00f1amiento de la Municipalidad.<\/p>\n\n\n\n<p>La jornada cont\u00f3 con un gran marco de p\u00fablico que colm\u00f3 las instalaciones y disfrut\u00f3 de una variada programaci\u00f3n: presentaciones corales, danzas folkl\u00f3ricas, tango, conmemoraciones especiales y una merienda compartida entre todos los participantes.<\/p>\n","protected":false},"excerpt":{"rendered":"<p>Durante el fin de semana se celebr\u00f3 la Fiesta de las Jubiladas y Jubilados, que tuvo lugar el viernes 19 desde las 15:00 en la sede de la Asociaci\u00f3n de Jubilados y&#8230;<\/p>\n","protected":false},"author":1,"featured_media":8373,"comment_status":"open","ping_status":"open","sticky":false,"template":"","format":"standard","meta":{"footnotes":""},"categories":[7,3],"tags":[],"class_list":["post-8372","post","type-post","status-publish","format-standard","has-post-thumbnail","hentry","category-cultura","category-general"],"_links":{"self":[{"href":"https:\/\/emisoracolon.com.ar\/index.php\/wp-json\/wp\/v2\/posts\/8372","targetHints":{"allow":["GET"]}}],"collection":[{"href":"https:\/\/emisoracolon.com.ar\/index.php\/wp-json\/wp\/v2\/posts"}],"about":[{"href":"https:\/\/emisoracolon.com.ar\/index.php\/wp-json\/wp\/v2\/types\/post"}],"author":[{"embeddable":true,"href":"https:\/\/emisoracolon.com.ar\/index.php\/wp-json\/wp\/v2\/users\/1"}],"replies":[{"embeddable":true,"href":"https:\/\/emisoracolon.com.ar\/index.php\/wp-json\/wp\/v2\/comments?post=8372"}],"version-history":[{"count":1,"href":"https:\/\/emisoracolon.com.ar\/index.php\/wp-json\/wp\/v2\/posts\/8372\/revisions"}],"predecessor-version":[{"id":8374,"href":"https:\/\/emisoracolon.com.ar\/index.php\/wp-json\/wp\/v2\/posts\/8372\/revisions\/8374"}],"wp:featuredmedia":[{"embeddable":true,"href":"https:\/\/emisoracolon.com.ar\/index.php\/wp-json\/wp\/v2\/media\/8373"}],"wp:attachment":[{"href":"https:\/\/emisoracolon.com.ar\/index.php\/wp-json\/wp\/v2\/media?parent=8372"}],"wp:term":[{"taxonomy":"category","embeddable":true,"href":"https:\/\/emisoracolon.com.ar\/index.php\/wp-json\/wp\/v2\/categories?post=8372"},{"taxonomy":"post_tag","embeddable":true,"href":"https:\/\/emisoracolon.com.ar\/index.php\/wp-json\/wp\/v2\/tags?post=8372"}],"curies":[{"name":"wp","href":"https:\/\/api.w.org\/{rel}","templated":true}]}}