{"id":8369,"date":"2025-09-19T16:49:08","date_gmt":"2025-09-19T19:49:08","guid":{"rendered":"https:\/\/emisoracolon.com.ar\/?p=8369"},"modified":"2025-09-19T16:49:08","modified_gmt":"2025-09-19T19:49:08","slug":"media-sancion-para-regular-a-los-acompanantes-terapeuticos","status":"publish","type":"post","link":"https:\/\/emisoracolon.com.ar\/index.php\/2025\/09\/19\/media-sancion-para-regular-a-los-acompanantes-terapeuticos\/","title":{"rendered":"Media sanci\u00f3n para regular a los acompa\u00f1antes terap\u00e9uticos"},"content":{"rendered":"\n<p>El primer proyecto que se trat\u00f3 ayer en la C\u00e1mara de Diputados de la P, tiene que ver con una preocupaci\u00f3n que han hecho p\u00fablica, varios vecinos que se desempe\u00f1an en esa actividad. Se trata de la Regulaci\u00f3n de la figura del Acompa\u00f1ante Terap\u00e9utico, que crea un marco normativo integral para reconocer y jerarquizar la labor de los acompa\u00f1antes terap\u00e9uticos. Se los incorpora formalmente al sistema de salud y derechos humanos, destacando su rol en la contenci\u00f3n, rehabilitaci\u00f3n y reinserci\u00f3n social de personas asistidas. La iniciativa define a los acompa\u00f1antes terap\u00e9uticos como profesionales que trabajan en la cotidianeidad de los pacientes, en articulaci\u00f3n con equipos interdisciplinarios. El proyecto establece que el IOMA deber\u00e1 incluir la prestaci\u00f3n en su cobertura, al igual que obras sociales y programas nacionales. Adem\u00e1s, prev\u00e9 la incorporaci\u00f3n de acompa\u00f1antes terap\u00e9uticos en instituciones provinciales donde su labor sea necesaria, con salarios equiparables a los profesionales de la salud<\/p>\n","protected":false},"excerpt":{"rendered":"<p>El primer proyecto que se trat\u00f3 ayer en la C\u00e1mara de Diputados de la P, tiene que ver con una preocupaci\u00f3n que han hecho p\u00fablica, varios vecinos que se desempe\u00f1an en esa&#8230;<\/p>\n","protected":false},"author":1,"featured_media":8370,"comment_status":"open","ping_status":"open","sticky":false,"template":"","format":"standard","meta":{"footnotes":""},"categories":[3],"tags":[],"class_list":["post-8369","post","type-post","status-publish","format-standard","has-post-thumbnail","hentry","category-general"],"_links":{"self":[{"href":"https:\/\/emisoracolon.com.ar\/index.php\/wp-json\/wp\/v2\/posts\/8369","targetHints":{"allow":["GET"]}}],"collection":[{"href":"https:\/\/emisoracolon.com.ar\/index.php\/wp-json\/wp\/v2\/posts"}],"about":[{"href":"https:\/\/emisoracolon.com.ar\/index.php\/wp-json\/wp\/v2\/types\/post"}],"author":[{"embeddable":true,"href":"https:\/\/emisoracolon.com.ar\/index.php\/wp-json\/wp\/v2\/users\/1"}],"replies":[{"embeddable":true,"href":"https:\/\/emisoracolon.com.ar\/index.php\/wp-json\/wp\/v2\/comments?post=8369"}],"version-history":[{"count":1,"href":"https:\/\/emisoracolon.com.ar\/index.php\/wp-json\/wp\/v2\/posts\/8369\/revisions"}],"predecessor-version":[{"id":8371,"href":"https:\/\/emisoracolon.com.ar\/index.php\/wp-json\/wp\/v2\/posts\/8369\/revisions\/8371"}],"wp:featuredmedia":[{"embeddable":true,"href":"https:\/\/emisoracolon.com.ar\/index.php\/wp-json\/wp\/v2\/media\/8370"}],"wp:attachment":[{"href":"https:\/\/emisoracolon.com.ar\/index.php\/wp-json\/wp\/v2\/media?parent=8369"}],"wp:term":[{"taxonomy":"category","embeddable":true,"href":"https:\/\/emisoracolon.com.ar\/index.php\/wp-json\/wp\/v2\/categories?post=8369"},{"taxonomy":"post_tag","embeddable":true,"href":"https:\/\/emisoracolon.com.ar\/index.php\/wp-json\/wp\/v2\/tags?post=8369"}],"curies":[{"name":"wp","href":"https:\/\/api.w.org\/{rel}","templated":true}]}}